{"id":7423,"date":"2019-10-15T09:49:08","date_gmt":"2019-10-15T08:49:08","guid":{"rendered":"https:\/\/inclusioaltemporda.cat\/portal\/?p=7423"},"modified":"2019-10-15T09:49:08","modified_gmt":"2019-10-15T08:49:08","slug":"edicio-de-tardor-dels-tallers-de-memoria-i-gimnas-per-a-gent-gran-que-organitza-el-consell-comarcal-de-lalt-emporda","status":"publish","type":"post","link":"https:\/\/inclusioaltemporda.cat\/portal\/edicio-de-tardor-dels-tallers-de-memoria-i-gimnas-per-a-gent-gran-que-organitza-el-consell-comarcal-de-lalt-emporda\/","title":{"rendered":"Edici\u00f3 de tardor dels tallers de mem\u00f2ria i gimn\u00e0s per a gent gran que organitza el Consell Comarcal de l&#8217;Alt Empord\u00e0"},"content":{"rendered":"<p>Aquest mes de setembre s&#8217;ha posat en marxa una nova edici\u00f3 dels Tallers de Mem\u00f2ria i de Gimn\u00e0s per a gent gran a diferents municipis de la comarca.<\/p>\n<p>Aquests tallers, dirigits i impartits per professionals de l\u2019\u00e0rea de Benestar del Consell Comarcal tenen com a finalitat promoure un envelliment actiu de la poblaci\u00f3 de la comarca. L&#8217;any 2018, 1.055 persones van participar en 102 tallers, organitzats en 44 municipis de l&#8217;Alt Empord\u00e0.<\/p>\n<p>Els tallers s\u2019adrecen a les persones majors de 65 anys i es fan en els municipis que han sol\u00b7licitat aquesta activitat mitjan\u00e7ant el seu ajuntament. La finalitat d\u2019aquestes activitats \u00e9s treballar de forma \u00edntegra l\u2019estimulaci\u00f3 de les capacitats f\u00edsiques i mentals de les persones grans.<\/p>\n<p>El Taller de Mem\u00f2ria facilita un entrenament de les capacitats que intervenen en la mem\u00f2ria i altres facultats mentals associades. Aquesta activitat consta de diferents sessions d\u2019una hora setmanal.<\/p>\n<p>El Taller de Gimn\u00e0s t\u00e9 com a finalitat mantenir la forma f\u00edsica i promoure un envelliment saludable. Les activitats programades permeten mantenir i millorar les capacitats f\u00edsiques, treballar la mobilitat, la for\u00e7a, la flexibilitat, la coordinaci\u00f3, l\u2019equilibri i la respiraci\u00f3. El Taller tamb\u00e9 facilita t\u00e8cniques de relaxaci\u00f3 i bons h\u00e0bits per prevenir lesions. El Taller es duu a terme en diferents sessions d\u2019una hora setmanal.<\/p>\n<p>Aquesta tardor es faran 39 tallers de Mem\u00f2ria en els municipis seg\u00fcents: Albany\u00e0, Avinyonet de Puigvent\u00f3s, Biure, Boadella i les Escaules, Cabanes, Cadaqu\u00e9s, Castell\u00f3 d&#8217;Emp\u00faries, Colera, Darnius, L&#8217;Escala, Espolla, El Far d&#8217;Empord\u00e0, Forti\u00e0, La Jonquera, Llad\u00f3, Llan\u00e7\u00e0, Mollet de Peralada, Navata, Ord\u00eds, Peralada, Pont de Molins, El Port de la Selva, Rab\u00f3s, Roses, Sant Climent Sescebes, Sant Miquel de Fluvi\u00e0, Sant Pere Pescador, Terrades, Vilafant, Vilamalla, Vilanova de la Muga i Vila-sacra i tamb\u00e9 s\u2019han programat 10 Tallers de Gimn\u00e0s en els municipis seg\u00fcents: Cantallops, Capmany, Darnius, Forti\u00e0, La Jonquera, Llan\u00e7\u00e0, Masarac, Pau, Sant Llogaia d&#8217;\u00c0lguema, Sant Pere Pescador i Vilarnadal.<\/p>\n<p>Si teniu inter\u00e8s a participar en algun d\u2019aquests Tallers, podeu consultar <a href=\"https:\/\/inclusioaltemporda.cat\/portal\/wp-content\/uploads\/temporalitzaci\u00f3-TM-tardor-2019.pdf\" target=\"_blank\" rel=\"noopener\">municipis i horaris en aquest enlla\u00e7<\/a>.<\/p>\n","protected":false},"excerpt":{"rendered":"<p>Aquest mes de setembre s&#8217;ha posat en marxa una nova edici\u00f3 d&#8217;aquest programa comarcal amb 39 Tallers de Mem\u00f2ria i 10 Tallers de Gimn\u00e0s per a gent gran en diferents municipis de la comarca.<\/p>\n","protected":false},"author":2,"featured_media":5119,"comment_status":"closed","ping_status":"closed","sticky":false,"template":"","format":"standard","meta":{"footnotes":""},"categories":[106,33,100,101,1,108],"tags":[],"class_list":["post-7423","post","type-post","status-publish","format-standard","has-post-thumbnail","hentry","category-administracions","category-agenda","category-area-benestar","category-ciutadania","category-general","category-mitjans-comunicacio","category-106","category-33","category-100","category-101","category-1","category-108","description-off"],"_links":{"self":[{"href":"https:\/\/inclusioaltemporda.cat\/portal\/wp-json\/wp\/v2\/posts\/7423","targetHints":{"allow":["GET"]}}],"collection":[{"href":"https:\/\/inclusioaltemporda.cat\/portal\/wp-json\/wp\/v2\/posts"}],"about":[{"href":"https:\/\/inclusioaltemporda.cat\/portal\/wp-json\/wp\/v2\/types\/post"}],"author":[{"embeddable":true,"href":"https:\/\/inclusioaltemporda.cat\/portal\/wp-json\/wp\/v2\/users\/2"}],"replies":[{"embeddable":true,"href":"https:\/\/inclusioaltemporda.cat\/portal\/wp-json\/wp\/v2\/comments?post=7423"}],"version-history":[{"count":3,"href":"https:\/\/inclusioaltemporda.cat\/portal\/wp-json\/wp\/v2\/posts\/7423\/revisions"}],"predecessor-version":[{"id":7444,"href":"https:\/\/inclusioaltemporda.cat\/portal\/wp-json\/wp\/v2\/posts\/7423\/revisions\/7444"}],"wp:featuredmedia":[{"embeddable":true,"href":"https:\/\/inclusioaltemporda.cat\/portal\/wp-json\/wp\/v2\/media\/5119"}],"wp:attachment":[{"href":"https:\/\/inclusioaltemporda.cat\/portal\/wp-json\/wp\/v2\/media?parent=7423"}],"wp:term":[{"taxonomy":"category","embeddable":true,"href":"https:\/\/inclusioaltemporda.cat\/portal\/wp-json\/wp\/v2\/categories?post=7423"},{"taxonomy":"post_tag","embeddable":true,"href":"https:\/\/inclusioaltemporda.cat\/portal\/wp-json\/wp\/v2\/tags?post=7423"}],"curies":[{"name":"wp","href":"https:\/\/api.w.org\/{rel}","templated":true}]}}