{"id":7435,"date":"2019-10-04T09:00:50","date_gmt":"2019-10-04T08:00:50","guid":{"rendered":"https:\/\/inclusioaltemporda.cat\/portal\/?p=7435"},"modified":"2019-10-02T11:14:13","modified_gmt":"2019-10-02T10:14:13","slug":"formacio-als-treballadors-i-treballadores-dels-ajuntaments-sobre-les-politiques-per-a-la-diversitat-sexual-i-de-genere","status":"publish","type":"post","link":"https:\/\/inclusioaltemporda.cat\/portal\/formacio-als-treballadors-i-treballadores-dels-ajuntaments-sobre-les-politiques-per-a-la-diversitat-sexual-i-de-genere\/","title":{"rendered":"Formaci\u00f3 als treballadors i treballadores dels ajuntaments sobre les pol\u00edtiques per a la diversitat sexual i de g\u00e8nere"},"content":{"rendered":"<p>El <a href=\"https:\/\/inclusioaltemporda.cat\/portal\/wp-content\/uploads\/Postal_LGTBI_.pdf\" target=\"_blank\" rel=\"noopener\">Servei d&#8217;Atenci\u00f3 Integral LGTBI de l&#8217;Alt Empord\u00e0<\/a> realitzar\u00e0 aquest mes d\u2019octubre una formaci\u00f3 sobre &#8220;Pol\u00edtiques per la diversitat sexual i de g\u00e8nere&#8221; als treballadores i treballadors dels ajuntaments de Castell\u00f3 d\u2019Emp\u00faries, La Jonquera, Llan\u00e7\u00e0, Roses i Vilafant.<\/p>\n<p>Aquesta formaci\u00f3, que s&#8217;emmarca en el desplegament a la comarcar de la Llei 11\/2014, del 10 d&#8217;octubre, per a garantir el dret de lesbianes, gais, bisexuals, transg\u00e8neres i intersexuals i per erradicar l&#8217;homof\u00f2bia, la bif\u00f2bia i la transf\u00f2bia, t\u00e9 com a objectiu sensibilitzar els i les professionals al servei de l\u2019administraci\u00f3 local sobre el deure d&#8217;intervenci\u00f3 davant les situacions de risc o sospita fonamentada de discriminaci\u00f3 o viol\u00e8ncia per ra\u00f3 d\u2019orientaci\u00f3 sexual, identitat de g\u00e8nere o expressi\u00f3 de g\u00e8nere.<\/p>\n<p>La formaci\u00f3 est\u00e0 oberta a tots els treballadors p\u00fablics dels cinc ajuntaments.<\/p>\n","protected":false},"excerpt":{"rendered":"<p>El Servei d&#8217;Atenci\u00f3 Integral LGTBI de l&#8217;Alt Empord\u00e0 realitzar\u00e0 aquest mes d\u2019octubre una formaci\u00f3 sobre &#8220;Pol\u00edtiques per la diversitat sexual i de g\u00e8nere&#8221; als treballadores i treballadors dels ajuntaments de&hellip;<\/p>\n","protected":false},"author":2,"featured_media":6437,"comment_status":"closed","ping_status":"closed","sticky":false,"template":"","format":"standard","meta":{"footnotes":""},"categories":[106,33,100,1,12],"tags":[],"class_list":["post-7435","post","type-post","status-publish","format-standard","has-post-thumbnail","hentry","category-administracions","category-agenda","category-area-benestar","category-general","category-pla-dinclusio-2","category-106","category-33","category-100","category-1","category-12","description-off"],"_links":{"self":[{"href":"https:\/\/inclusioaltemporda.cat\/portal\/wp-json\/wp\/v2\/posts\/7435","targetHints":{"allow":["GET"]}}],"collection":[{"href":"https:\/\/inclusioaltemporda.cat\/portal\/wp-json\/wp\/v2\/posts"}],"about":[{"href":"https:\/\/inclusioaltemporda.cat\/portal\/wp-json\/wp\/v2\/types\/post"}],"author":[{"embeddable":true,"href":"https:\/\/inclusioaltemporda.cat\/portal\/wp-json\/wp\/v2\/users\/2"}],"replies":[{"embeddable":true,"href":"https:\/\/inclusioaltemporda.cat\/portal\/wp-json\/wp\/v2\/comments?post=7435"}],"version-history":[{"count":1,"href":"https:\/\/inclusioaltemporda.cat\/portal\/wp-json\/wp\/v2\/posts\/7435\/revisions"}],"predecessor-version":[{"id":7436,"href":"https:\/\/inclusioaltemporda.cat\/portal\/wp-json\/wp\/v2\/posts\/7435\/revisions\/7436"}],"wp:featuredmedia":[{"embeddable":true,"href":"https:\/\/inclusioaltemporda.cat\/portal\/wp-json\/wp\/v2\/media\/6437"}],"wp:attachment":[{"href":"https:\/\/inclusioaltemporda.cat\/portal\/wp-json\/wp\/v2\/media?parent=7435"}],"wp:term":[{"taxonomy":"category","embeddable":true,"href":"https:\/\/inclusioaltemporda.cat\/portal\/wp-json\/wp\/v2\/categories?post=7435"},{"taxonomy":"post_tag","embeddable":true,"href":"https:\/\/inclusioaltemporda.cat\/portal\/wp-json\/wp\/v2\/tags?post=7435"}],"curies":[{"name":"wp","href":"https:\/\/api.w.org\/{rel}","templated":true}]}}