{"id":7446,"date":"2019-10-17T13:58:42","date_gmt":"2019-10-17T12:58:42","guid":{"rendered":"https:\/\/inclusioaltemporda.cat\/portal\/?p=7446"},"modified":"2019-10-17T13:58:42","modified_gmt":"2019-10-17T12:58:42","slug":"curs-de-primera-acollida-a-castello-dempuries","status":"publish","type":"post","link":"https:\/\/inclusioaltemporda.cat\/portal\/curs-de-primera-acollida-a-castello-dempuries\/","title":{"rendered":"Curs de primera acollida a Castell\u00f3 d&#8217;Emp\u00faries"},"content":{"rendered":"<p align=\"justify\">L&#8217;Equip d\u2019Inclusi\u00f3 i Atenci\u00f3 a la Comunitat del Consell Comarcal realitza aquesta setmana a Castell\u00f3 d&#8217;Emp\u00faries un curs de primera acollida adre\u00e7at a persones nouvingudes a la comarca, centrat en el coneixement de la societat catalana i el seu marc jur\u00eddic.<\/p>\n<p align=\"justify\">El curs que compta amb la participaci\u00f3 de 25 persones participants est\u00e0 impartit per m\u00e9s de 10 professionals de serveis p\u00fablics presents al municipi dels \u00e0mbits sanitari, educatiu, de la seguretat ciutadana, l\u2019atenci\u00f3 ciutadana, els serveis socials, la formaci\u00f3 d\u2019adults, l\u2019atenci\u00f3 a la diversitat i l\u2019acci\u00f3 comunit\u00e0ria, que faciliten informaci\u00f3 de primera m\u00e0 sobre el funcionament dels serveis i recursos existents al municipi i a la comarca.<\/p>\n<p align=\"justify\">Per poder obtenir el certificat d\u2019acollida, tal com estableix el Reglament d\u2019Acollida de la Generalitat de Catalunya, cal acreditar la participaci\u00f3 en tres m\u00f2duls de formaci\u00f3: un m\u00f2dul (A) per aprendre catal\u00e0 i castell\u00e0 amb un m\u00ednim de 90 hores de formaci\u00f3 en cadascuna de les dues lleng\u00fces oficials, un m\u00f2dul (B) sobre coneixements laborals amb una durada m\u00ednima de 15 hores i un tercer m\u00f2dul (C) sobre coneixement de la societat catalana i del seu marc jur\u00eddic amb un m\u00ednim de 15 hores.<\/p>\n<p align=\"justify\">Aquesta activitat compta amb el finan\u00e7ament del Fons Social Europeu i el Suport de la Secretaria d\u2019Igualtat, Migracions i Ciutadania de la Generalitat de Catalunya i l\u2019Ajuntament del Castell\u00f3 d&#8217;Emp\u00faries.<\/p>\n","protected":false},"excerpt":{"rendered":"<p>L&#8217;Equip d\u2019Inclusi\u00f3 i Atenci\u00f3 a la Comunitat del Consell Comarcal realitza aquesta setmana a Castell\u00f3 d&#8217;Emp\u00faries un curs de primera acollida adre\u00e7at a persones nouvingudes a la comarca, centrat en el coneixement de la societat catalana i el seu marc jur\u00eddic.<\/p>\n","protected":false},"author":2,"featured_media":7447,"comment_status":"closed","ping_status":"closed","sticky":false,"template":"","format":"standard","meta":{"footnotes":""},"categories":[106,100,101,1,108,12,102],"tags":[],"class_list":["post-7446","post","type-post","status-publish","format-standard","has-post-thumbnail","hentry","category-administracions","category-area-benestar","category-ciutadania","category-general","category-mitjans-comunicacio","category-pla-dinclusio-2","category-professionals-ambit-social","category-106","category-100","category-101","category-1","category-108","category-12","category-102","description-off"],"_links":{"self":[{"href":"https:\/\/inclusioaltemporda.cat\/portal\/wp-json\/wp\/v2\/posts\/7446","targetHints":{"allow":["GET"]}}],"collection":[{"href":"https:\/\/inclusioaltemporda.cat\/portal\/wp-json\/wp\/v2\/posts"}],"about":[{"href":"https:\/\/inclusioaltemporda.cat\/portal\/wp-json\/wp\/v2\/types\/post"}],"author":[{"embeddable":true,"href":"https:\/\/inclusioaltemporda.cat\/portal\/wp-json\/wp\/v2\/users\/2"}],"replies":[{"embeddable":true,"href":"https:\/\/inclusioaltemporda.cat\/portal\/wp-json\/wp\/v2\/comments?post=7446"}],"version-history":[{"count":3,"href":"https:\/\/inclusioaltemporda.cat\/portal\/wp-json\/wp\/v2\/posts\/7446\/revisions"}],"predecessor-version":[{"id":7451,"href":"https:\/\/inclusioaltemporda.cat\/portal\/wp-json\/wp\/v2\/posts\/7446\/revisions\/7451"}],"wp:featuredmedia":[{"embeddable":true,"href":"https:\/\/inclusioaltemporda.cat\/portal\/wp-json\/wp\/v2\/media\/7447"}],"wp:attachment":[{"href":"https:\/\/inclusioaltemporda.cat\/portal\/wp-json\/wp\/v2\/media?parent=7446"}],"wp:term":[{"taxonomy":"category","embeddable":true,"href":"https:\/\/inclusioaltemporda.cat\/portal\/wp-json\/wp\/v2\/categories?post=7446"},{"taxonomy":"post_tag","embeddable":true,"href":"https:\/\/inclusioaltemporda.cat\/portal\/wp-json\/wp\/v2\/tags?post=7446"}],"curies":[{"name":"wp","href":"https:\/\/api.w.org\/{rel}","templated":true}]}}