{"id":7460,"date":"2019-10-23T09:04:40","date_gmt":"2019-10-23T08:04:40","guid":{"rendered":"https:\/\/inclusioaltemporda.cat\/portal\/?p=7460"},"modified":"2019-10-23T09:04:40","modified_gmt":"2019-10-23T08:04:40","slug":"jornada-de-formacio-per-a-entitats-i-voluntariat-i-a-nosaltres-qui-ens-cuida","status":"publish","type":"post","link":"https:\/\/inclusioaltemporda.cat\/portal\/jornada-de-formacio-per-a-entitats-i-voluntariat-i-a-nosaltres-qui-ens-cuida\/","title":{"rendered":"Jornada de formaci\u00f3 per a entitats i voluntariat &#8220;I a nosaltres qui ens cuida?&#8221;"},"content":{"rendered":"<p>El proper dissabte 16 de novembre tindr\u00e0 lloc al Parc Natural dels Aiguamolls de l&#8217;Empord\u00e0\u00a0 la Jornada de formaci\u00f3 per entitats i voluntariat 2019 &#8220;I a nosaltres qui ens cuida?&#8221; organitzada per la <a href=\"https:\/\/inclusioaltemporda.cat\/portal\/taula-dinclusio\/\" target=\"_blank\" rel=\"noopener\">Taula d\u2019Entitats d\u2019Inclusi\u00f3 Social<\/a> i el <a href=\"https:\/\/www.altemporda.org\/portal\/\">Consell Comarcal de l\u2019Alt Empord\u00e0<\/a>, amb la col\u00b7laboraci\u00f3 del <a href=\"http:\/\/parcsnaturals.gencat.cat\/es\/aiguamolls-emporda\" target=\"_blank\" rel=\"noopener\">Parc Natural dels Aiguamolls de l&#8217;Empord\u00e0<\/a>.<\/p>\n<p>Aquesta jornada, que se celebrar\u00e0 a la <a href=\"https:\/\/www.google.com\/maps\/place\/Centro+de+informacion+el+Cortalet\/@42.2247201,3.091721,18z\/data=!4m12!1m6!3m5!1s0x12ba8a83567bf767:0x95019e019038672e!2sCentro+de+informacion+el+Cortalet!8m2!3d42.224593!4d3.0928261!3m4!1s0x12ba8a83567bf767:0x95019e019038672e!8m2!3d42.224593!4d3.0928261\" target=\"_blank\" rel=\"noopener\">Sala d&#8217;actes del Parc Natural<\/a> de 9:30h a 17:00h, t\u00e9 com a finalitat promoure la reflexi\u00f3 i el debat a l\u2019entorn del paper de les organitzacions en la cura dels equips professionals i el voluntariat de les entitats.<\/p>\n<p>La primera part de la jornada comptar\u00e0 amb la sessi\u00f3 de treball &#8220;Les cures a les entitats socials, qu\u00e8 hem e tenir en compte? \u00c0rees, factors, eines i habilitats&#8221;. La sessi\u00f3 de tarda continuar\u00e0 amb l&#8217;espai de treball &#8220;Com lidiar amb el meu dia a dia com a professional o voluntari. Eines per entendre millor els sentiments&#8221;. <span lang=\"en-US\">Ambdues sessions estaran impartides i dinamitzades per l\u2019<a href=\"http:\/\/filalagulla.org\/\">Anna Espadal\u00e9 de Fil a l\u2019agulla<\/a> i en <a href=\"http:\/\/resilience.earth\/\">C\u00e9sar Fern\u00e1ndez de Resilience Earth<\/a>.<\/span><\/p>\n<p>La jornada es podr\u00e0 seguir a trav\u00e9s del compte de twitter <a href=\"https:\/\/twitter.com\/AEmpordainclou\" target=\"_blank\" rel=\"noopener\">@AEmpordainclou<\/a><\/p>\n<p>Podeu consultar el programa de la jornada en <a href=\"https:\/\/inclusioaltemporda.cat\/portal\/wp-content\/uploads\/Programa-jornada-Taula-inclusio\u0301-2019.pdf\" target=\"_blank\" rel=\"noopener\">aquest enlla\u00e7<\/a>.<\/p>\n<p>\u00c9s imprescindible fer la inscripci\u00f3 a trav\u00e9s d&#8217;<a href=\"https:\/\/inclusioaltemporda.cat\/portal\/jornada-inscripcions\/\" target=\"_blank\" rel=\"noopener\">aquest formulari<\/a> abans del dia 14 de novembre per poder participar a la Jornada. La inscripci\u00f3 \u00e9s gratu\u00efta, inclou el dinar i es far\u00e0 per ordre de registre. Les places s\u00f3n limitades.<\/p>\n<p>Per a m\u00e9s informaci\u00f3 podeu contactar amb el Consell Comarcal de l\u2019Alt Empord\u00e0 al tel\u00e8fon 972.67.70.50 (de 9h a 14h) o a trav\u00e9s del correu electr\u00f2nic inclusio@altemporda.cat.<\/p>\n<p>Aquesta \u00e9s una iniciativa de la Taula d\u2019Inclusi\u00f3 de l\u2019Alt Empord\u00e0 amb l\u2019objectiu d\u2019oferir un espai de formaci\u00f3 proper i de qualitat a les entitats de la comarca, que aquest any celebra la seva sisena edici\u00f3.<\/p>\n<p>&nbsp;<\/p>\n","protected":false},"excerpt":{"rendered":"<p>El dissabte 16 de novembre tindr\u00e0 lloc al Parc Natural dels Aiguamolls de l&#8217;Empord\u00e0 la Jornada de formaci\u00f3 anual per entitats i voluntariat organitzada per la Taula d&#8217;Inclusi\u00f3 de l&#8217;Alt Empord\u00e0 i el Consell Comarcal<\/p>\n","protected":false},"author":2,"featured_media":5281,"comment_status":"closed","ping_status":"closed","sticky":false,"template":"","format":"standard","meta":{"footnotes":""},"categories":[100,101,105,104,103,1,108,12,102,11],"tags":[],"class_list":["post-7460","post","type-post","status-publish","format-standard","has-post-thumbnail","hentry","category-area-benestar","category-ciutadania","category-empreses","category-entitats-socials","category-estudiants-escoles-instituts","category-general","category-mitjans-comunicacio","category-pla-dinclusio-2","category-professionals-ambit-social","category-taula-inclusio","category-100","category-101","category-105","category-104","category-103","category-1","category-108","category-12","category-102","category-11","description-off"],"_links":{"self":[{"href":"https:\/\/inclusioaltemporda.cat\/portal\/wp-json\/wp\/v2\/posts\/7460","targetHints":{"allow":["GET"]}}],"collection":[{"href":"https:\/\/inclusioaltemporda.cat\/portal\/wp-json\/wp\/v2\/posts"}],"about":[{"href":"https:\/\/inclusioaltemporda.cat\/portal\/wp-json\/wp\/v2\/types\/post"}],"author":[{"embeddable":true,"href":"https:\/\/inclusioaltemporda.cat\/portal\/wp-json\/wp\/v2\/users\/2"}],"replies":[{"embeddable":true,"href":"https:\/\/inclusioaltemporda.cat\/portal\/wp-json\/wp\/v2\/comments?post=7460"}],"version-history":[{"count":3,"href":"https:\/\/inclusioaltemporda.cat\/portal\/wp-json\/wp\/v2\/posts\/7460\/revisions"}],"predecessor-version":[{"id":7466,"href":"https:\/\/inclusioaltemporda.cat\/portal\/wp-json\/wp\/v2\/posts\/7460\/revisions\/7466"}],"wp:featuredmedia":[{"embeddable":true,"href":"https:\/\/inclusioaltemporda.cat\/portal\/wp-json\/wp\/v2\/media\/5281"}],"wp:attachment":[{"href":"https:\/\/inclusioaltemporda.cat\/portal\/wp-json\/wp\/v2\/media?parent=7460"}],"wp:term":[{"taxonomy":"category","embeddable":true,"href":"https:\/\/inclusioaltemporda.cat\/portal\/wp-json\/wp\/v2\/categories?post=7460"},{"taxonomy":"post_tag","embeddable":true,"href":"https:\/\/inclusioaltemporda.cat\/portal\/wp-json\/wp\/v2\/tags?post=7460"}],"curies":[{"name":"wp","href":"https:\/\/api.w.org\/{rel}","templated":true}]}}