{"id":7473,"date":"2019-11-07T10:34:48","date_gmt":"2019-11-07T09:34:48","guid":{"rendered":"https:\/\/inclusioaltemporda.cat\/portal\/?p=7473"},"modified":"2019-11-07T10:36:44","modified_gmt":"2019-11-07T09:36:44","slug":"professionals-de-larea-de-benestar-participen-en-accions-de-formacio-i-disseminacio-del-projecte-prospectsaso-a-andorra","status":"publish","type":"post","link":"https:\/\/inclusioaltemporda.cat\/portal\/professionals-de-larea-de-benestar-participen-en-accions-de-formacio-i-disseminacio-del-projecte-prospectsaso-a-andorra\/","title":{"rendered":"Professionals de l&#8217;\u00c0rea de Benestar participen en accions de formaci\u00f3 i disseminaci\u00f3 del projecte PROSPECTSASO a Andorra"},"content":{"rendered":"<p>L&#8217;Equip de Depend\u00e8ncia i Suport a les Fam\u00edlies del Consell Comarcal de l&#8217;Alt Empord\u00e0 ha participat dilluns i dimarts d&#8217;aquesta setmana en activitats de disseminaci\u00f3 de resultats del <a href=\"https:\/\/inclusioaltemporda.cat\/portal\/cooperacio-transfronterera-3\/projecte-transfronterer-prospectsaso\/\" target=\"_blank\" rel=\"noopener\">projecte transfornterer PROSPECTSASO<\/a> a Andorra.<\/p>\n<p>Convidats pel Ministeri d&#8217;Afers Socials d&#8217;Andorra, les professionals de l&#8217;Equip de Depend\u00e8ncia, han compartit amb professionals de diverses institucions i recursos sociosanitaris d&#8217;Andorra els coneixements i resultats generats en el marc de l&#8217;activitat sobre Prevenci\u00f3 i detecci\u00f3 de maltractaments a les persones grans del projecte PROSPECTSASO, en que han participat l&#8217;Association Joseph Sauvy, la Univiersitat de Barcelona i el Consell Comarcal.<\/p>\n<p>En el marc de les activitats desenvolupades a Andorra l&#8217;Equip de Depend\u00e8ncia i Suport a les Fam\u00edlies va participar en una sessi\u00f3 de treball amb representants de l&#8217;equip de Sociosanitari del Govern D&#8217;Andorra i representants de la Facultat d&#8217;Infermeria de la Universitat d&#8217;Andorra (UdA) per a compartir l&#8217;experi\u00e8ncia de treball en relaci\u00f3 a la detecci\u00f3 i prevenci\u00f3 de situacions de maltractament a les persones grans. Tamb\u00e9 va impartir sessions de formaci\u00f3 a estudiants d&#8217;Infermeria de la UdA i professionals de l&#8217;\u00e0mbit sociosanitari sobre detecci\u00f3 de riscos i prevenci\u00f3 dels maltractaments vers les persones grans. Aquesta formaci\u00f3 s&#8217;ha adaptat a partir dels <a href=\"https:\/\/inclusioaltemporda.cat\/portal\/formacio-a-les-professionals-del-servei-comarca-datencio-a-domicili-sobre-deteccio-i-prevencio-de-maltractaments\/\" target=\"_blank\" rel=\"noopener\">m\u00f2duls formatius dissenyats i impartits en el marc del projecte PROSPECTSASO<\/a> per a professionals d&#8217;atenci\u00f3 domicili\u00e0ria sobre aquesta tem\u00e0tica. Finalment tamb\u00e9 va impartir una xerrada sobre Bon tracte a les persones grans, adre\u00e7ada a la poblaci\u00f3 en general, en que entre altres q\u00fcestions es va presentar la <a href=\"https:\/\/inclusioaltemporda.cat\/portal\/es-presenta-la-guia-bon-tracte-a-les-persones-grans-de-prevencio-de-maltractaments\/\" target=\"_blank\" rel=\"noopener\">Guia transfronterera de prevenci\u00f3 del maltractaments a les persones grans.<\/a><\/p>\n<p align=\"justify\">Les diferents activitats realitzades aquesta setmana a Andorra s&#8217;inscriuen en el <a href=\"https:\/\/www.prospectsaso.com\/ca\/\" target=\"_blank\" rel=\"noopener\">projecte transfronterer PROSPECTSASO<\/a>, del qual del Consell Comarcal m&#8217;\u00e9s soci. L&#8217;objectiu d&#8217;aquest \u00e9s millorar el coneixement sobre la realitat social i sanit\u00e0ria transfronterera i els efectes frontera en p\u00fablics m\u00e9s vulnerables (persones en situaci\u00f3 de risc d&#8217;exclusi\u00f3 social, infants en risc, persones en situaci\u00f3 de discriminaci\u00f3, persones grans o persones amb discapacitat, entre d&#8217;altres), per tal de respondre adequadament a les necessitats socials que presenta el nostre territori.<\/p>\n<p>&nbsp;<\/p>\n<p style=\"background: white;\">\n","protected":false},"excerpt":{"rendered":"<p>L&#8217;Equip de Depend\u00e8ncia i Suport a les Fam\u00edlies del Consell Comarcal ha compartit coneixements sobre prevenci\u00f3 i detecci\u00f3 de maltractaments a les persones grans generats pel projecte transfronterer PROSPECTSASO<\/p>\n","protected":false},"author":2,"featured_media":7474,"comment_status":"closed","ping_status":"closed","sticky":false,"template":"","format":"standard","meta":{"footnotes":""},"categories":[106,100,107,101,1,108,102,115],"tags":[],"class_list":["post-7473","post","type-post","status-publish","format-standard","has-post-thumbnail","hentry","category-administracions","category-area-benestar","category-centres-recerca-universitats","category-ciutadania","category-general","category-mitjans-comunicacio","category-professionals-ambit-social","category-projectes-transfronterers","category-106","category-100","category-107","category-101","category-1","category-108","category-102","category-115","description-off"],"_links":{"self":[{"href":"https:\/\/inclusioaltemporda.cat\/portal\/wp-json\/wp\/v2\/posts\/7473","targetHints":{"allow":["GET"]}}],"collection":[{"href":"https:\/\/inclusioaltemporda.cat\/portal\/wp-json\/wp\/v2\/posts"}],"about":[{"href":"https:\/\/inclusioaltemporda.cat\/portal\/wp-json\/wp\/v2\/types\/post"}],"author":[{"embeddable":true,"href":"https:\/\/inclusioaltemporda.cat\/portal\/wp-json\/wp\/v2\/users\/2"}],"replies":[{"embeddable":true,"href":"https:\/\/inclusioaltemporda.cat\/portal\/wp-json\/wp\/v2\/comments?post=7473"}],"version-history":[{"count":3,"href":"https:\/\/inclusioaltemporda.cat\/portal\/wp-json\/wp\/v2\/posts\/7473\/revisions"}],"predecessor-version":[{"id":7477,"href":"https:\/\/inclusioaltemporda.cat\/portal\/wp-json\/wp\/v2\/posts\/7473\/revisions\/7477"}],"wp:featuredmedia":[{"embeddable":true,"href":"https:\/\/inclusioaltemporda.cat\/portal\/wp-json\/wp\/v2\/media\/7474"}],"wp:attachment":[{"href":"https:\/\/inclusioaltemporda.cat\/portal\/wp-json\/wp\/v2\/media?parent=7473"}],"wp:term":[{"taxonomy":"category","embeddable":true,"href":"https:\/\/inclusioaltemporda.cat\/portal\/wp-json\/wp\/v2\/categories?post=7473"},{"taxonomy":"post_tag","embeddable":true,"href":"https:\/\/inclusioaltemporda.cat\/portal\/wp-json\/wp\/v2\/tags?post=7473"}],"curies":[{"name":"wp","href":"https:\/\/api.w.org\/{rel}","templated":true}]}}