{"id":7480,"date":"2019-11-26T08:37:00","date_gmt":"2019-11-26T07:37:00","guid":{"rendered":"https:\/\/inclusioaltemporda.cat\/portal\/?p=7480"},"modified":"2019-11-26T08:44:38","modified_gmt":"2019-11-26T07:44:38","slug":"30-anys-de-serveis-socials-del-consell-comarcal-de-lalt-emporda","status":"publish","type":"post","link":"https:\/\/inclusioaltemporda.cat\/portal\/30-anys-de-serveis-socials-del-consell-comarcal-de-lalt-emporda\/","title":{"rendered":"30 anys de serveis socials del Consell Comarcal de l&#8217;Alt Empord\u00e0"},"content":{"rendered":"<p>L&#8217;\u00e0rea de Benestar Social del Consell Comarcal de l&#8217;Alt Empord\u00e0 enguany celebra 30 anys. Per recordar els reptes assolits i plantejar nous objectius, organitza<a href=\"https:\/\/inclusioaltemporda.cat\/portal\/wp-content\/uploads\/Programa-jornada-Taula-inclusio\u0301-2019.pdf\" target=\"_blank\" rel=\"noopener\"> una jornada que se celebrar\u00e0 el divendres 29 de novembre al Castell de Sant Ferran de Figueres<\/a>.<\/p>\n<p>L&#8217;acollida als assistents es far\u00e0 a partir de les 9.30 i l&#8217;esdeveniment comen\u00e7ar\u00e0 a les deu amb una benvinguda institucional que donar\u00e0 pas a una confer\u00e8ncia de l&#8217;arquitecta, urbanista i activista social, Itziar Gonz\u00e1lez. A les 11:45 comen\u00e7ar\u00e0 una taula rodona que portar\u00e0 per t\u00edtol &#8220;Reptes Socials a l&#8217;Alt Empord\u00e0&#8221; on actors t\u00e8cnics i pol\u00edtics debatran el futur de les pol\u00edtiques socials a l&#8217;Alt Empord\u00e0.<\/p>\n<p>A les 13:00 comen\u00e7ar\u00e0 el darrer bloc de l&#8217;esdeveniment que consistir\u00e0 en el lliurament de les distincions al comprom\u00eds socials a l&#8217;Alt Empord\u00e0.<\/p>\n<p>Cal confirmar assist\u00e8ncia al correu electr\u00f2nic: benestar@altemporda.cat<\/p>\n","protected":false},"excerpt":{"rendered":"<p>El Consell Comarcal organitza una jornada que se celebrar\u00e0 el divendres 29 de novembre per recordar els reptes assolits i plantejar nous objectius<\/p>\n","protected":false},"author":2,"featured_media":7482,"comment_status":"closed","ping_status":"closed","sticky":false,"template":"","format":"standard","meta":{"footnotes":""},"categories":[106,100,107,101,105,104,103,1,108,102,11],"tags":[],"class_list":["post-7480","post","type-post","status-publish","format-standard","has-post-thumbnail","hentry","category-administracions","category-area-benestar","category-centres-recerca-universitats","category-ciutadania","category-empreses","category-entitats-socials","category-estudiants-escoles-instituts","category-general","category-mitjans-comunicacio","category-professionals-ambit-social","category-taula-inclusio","category-106","category-100","category-107","category-101","category-105","category-104","category-103","category-1","category-108","category-102","category-11","description-off"],"_links":{"self":[{"href":"https:\/\/inclusioaltemporda.cat\/portal\/wp-json\/wp\/v2\/posts\/7480","targetHints":{"allow":["GET"]}}],"collection":[{"href":"https:\/\/inclusioaltemporda.cat\/portal\/wp-json\/wp\/v2\/posts"}],"about":[{"href":"https:\/\/inclusioaltemporda.cat\/portal\/wp-json\/wp\/v2\/types\/post"}],"author":[{"embeddable":true,"href":"https:\/\/inclusioaltemporda.cat\/portal\/wp-json\/wp\/v2\/users\/2"}],"replies":[{"embeddable":true,"href":"https:\/\/inclusioaltemporda.cat\/portal\/wp-json\/wp\/v2\/comments?post=7480"}],"version-history":[{"count":5,"href":"https:\/\/inclusioaltemporda.cat\/portal\/wp-json\/wp\/v2\/posts\/7480\/revisions"}],"predecessor-version":[{"id":7495,"href":"https:\/\/inclusioaltemporda.cat\/portal\/wp-json\/wp\/v2\/posts\/7480\/revisions\/7495"}],"wp:featuredmedia":[{"embeddable":true,"href":"https:\/\/inclusioaltemporda.cat\/portal\/wp-json\/wp\/v2\/media\/7482"}],"wp:attachment":[{"href":"https:\/\/inclusioaltemporda.cat\/portal\/wp-json\/wp\/v2\/media?parent=7480"}],"wp:term":[{"taxonomy":"category","embeddable":true,"href":"https:\/\/inclusioaltemporda.cat\/portal\/wp-json\/wp\/v2\/categories?post=7480"},{"taxonomy":"post_tag","embeddable":true,"href":"https:\/\/inclusioaltemporda.cat\/portal\/wp-json\/wp\/v2\/tags?post=7480"}],"curies":[{"name":"wp","href":"https:\/\/api.w.org\/{rel}","templated":true}]}}