{"id":7500,"date":"2019-12-02T15:15:03","date_gmt":"2019-12-02T14:15:03","guid":{"rendered":"https:\/\/inclusioaltemporda.cat\/portal\/?p=7500"},"modified":"2019-12-04T13:26:19","modified_gmt":"2019-12-04T12:26:19","slug":"xerrades-informatives-de-la-guia-bon-tracte-a-les-pesones-grans-de-prevencio-de-maltractaments","status":"publish","type":"post","link":"https:\/\/inclusioaltemporda.cat\/portal\/xerrades-informatives-de-la-guia-bon-tracte-a-les-pesones-grans-de-prevencio-de-maltractaments\/","title":{"rendered":"Xerrades informatives de la guia &#8220;Bon tracte a les persones grans&#8221; de prevenci\u00f3 de maltractaments"},"content":{"rendered":"<p>L\u2019\u00e0rea de Benestar Social del Consell Comarcal de l\u2019Alt Empord\u00e0 est\u00e0 realitzant des del mes d&#8217;octubre xerrades de sensibilitzaci\u00f3 en el marc de la campanya de difusi\u00f3 de la <a href=\"https:\/\/inclusioaltemporda.cat\/portal\/wp-content\/uploads\/guia-prevenci\u00f3-gent-gran-CATAL\u00c0-imprenta.pdf\" target=\"_blank\" rel=\"noopener\">guia \u00abBon tracte a les persones grans\u00bb<\/a>. Aquest document \u00e9s fruit del treball que l\u2019ens ha realitzat en el marc del projecte transfronterer PROSPECTSASO, amb l\u2019objectiu de sensibilitzar i informar a les persones grans, fam\u00edlies, persones cuidadores i ciutadania en general vers la realitat dels maltractaments a les persones grans, un fet que sovint \u00e9s poc visible.<\/p>\n<p>La guia i les xerrades volem empoderar a les persones grans, en la pressa de decisions dels seus drets i en la pressa de decisions sobre el seu futur.<\/p>\n<p>Durant els mesos d&#8217;octubre i novembre l&#8217;Equip d&#8217;Atenci\u00f3 a la Depend\u00e8ncia i Suport a les fam\u00edlies ha realitzat xerrades als municipis d&#8217;Agullana, Avinyonet de Puigvent\u00f3s, Cantallops, Camallera, el Far d&#8217;Empord\u00e0, Garrig\u00e0s, La Jonquera, Llad\u00f3, Pedret i Marz\u00e0, Pau, Portbou, Rab\u00f3s,Terrades i Sant Pere Pescador.<\/p>\n<p>Per al mes de desembre hi ha programades xerrades als seg\u00fcents municipis:<\/p>\n<ul>\n<li>Garriguella, 2 de desembre a les 17h<\/li>\n<li>L&#8217;Escala, 2 de desembre a les 17h<\/li>\n<li>Biure, 4 de desembre a les 17h<\/li>\n<li>Forti\u00e0, 9 de desembre a les 17h<\/li>\n<li>Llers, 9 de desembre a les 17h<\/li>\n<li>Navata, 11 de desembre a les 17h<\/li>\n<li>Pont\u00f3s, 18 de desembre a les 17h<\/li>\n<\/ul>\n<p>Aquesta iniciativa s&#8217;emmarca en el projecte PROSPECTSASO que est\u00e0 cofinan\u00e7at al 65% pel Fons Europeu de Desenvolupament Regional a trav\u00e9s del programa Interreg V-A Espanya-Fran\u00e7a-Andorra (POCTEFA 2014-2020).<\/p>\n","protected":false},"excerpt":{"rendered":"<p>L\u2019\u00e0rea de Benestar Social del Consell Comarcal de l\u2019Alt Empord\u00e0 est\u00e0 realitzant en diferents municipis de la comarca xerrades de difusi\u00f3 de la guia elaborada en el marc del projecte transfronterer PROSPECTSASO<\/p>\n","protected":false},"author":2,"featured_media":7501,"comment_status":"closed","ping_status":"closed","sticky":false,"template":"","format":"standard","meta":{"footnotes":""},"categories":[106,33,100,101,1,108,12,115],"tags":[],"class_list":["post-7500","post","type-post","status-publish","format-standard","has-post-thumbnail","hentry","category-administracions","category-agenda","category-area-benestar","category-ciutadania","category-general","category-mitjans-comunicacio","category-pla-dinclusio-2","category-projectes-transfronterers","category-106","category-33","category-100","category-101","category-1","category-108","category-12","category-115","description-off"],"_links":{"self":[{"href":"https:\/\/inclusioaltemporda.cat\/portal\/wp-json\/wp\/v2\/posts\/7500","targetHints":{"allow":["GET"]}}],"collection":[{"href":"https:\/\/inclusioaltemporda.cat\/portal\/wp-json\/wp\/v2\/posts"}],"about":[{"href":"https:\/\/inclusioaltemporda.cat\/portal\/wp-json\/wp\/v2\/types\/post"}],"author":[{"embeddable":true,"href":"https:\/\/inclusioaltemporda.cat\/portal\/wp-json\/wp\/v2\/users\/2"}],"replies":[{"embeddable":true,"href":"https:\/\/inclusioaltemporda.cat\/portal\/wp-json\/wp\/v2\/comments?post=7500"}],"version-history":[{"count":4,"href":"https:\/\/inclusioaltemporda.cat\/portal\/wp-json\/wp\/v2\/posts\/7500\/revisions"}],"predecessor-version":[{"id":7510,"href":"https:\/\/inclusioaltemporda.cat\/portal\/wp-json\/wp\/v2\/posts\/7500\/revisions\/7510"}],"wp:featuredmedia":[{"embeddable":true,"href":"https:\/\/inclusioaltemporda.cat\/portal\/wp-json\/wp\/v2\/media\/7501"}],"wp:attachment":[{"href":"https:\/\/inclusioaltemporda.cat\/portal\/wp-json\/wp\/v2\/media?parent=7500"}],"wp:term":[{"taxonomy":"category","embeddable":true,"href":"https:\/\/inclusioaltemporda.cat\/portal\/wp-json\/wp\/v2\/categories?post=7500"},{"taxonomy":"post_tag","embeddable":true,"href":"https:\/\/inclusioaltemporda.cat\/portal\/wp-json\/wp\/v2\/tags?post=7500"}],"curies":[{"name":"wp","href":"https:\/\/api.w.org\/{rel}","templated":true}]}}