{"id":7505,"date":"2019-12-02T15:22:03","date_gmt":"2019-12-02T14:22:03","guid":{"rendered":"https:\/\/inclusioaltemporda.cat\/portal\/?p=7505"},"modified":"2019-12-02T15:22:40","modified_gmt":"2019-12-02T14:22:40","slug":"benestar-social-del-consell-comarcal-celebra-30-anys","status":"publish","type":"post","link":"https:\/\/inclusioaltemporda.cat\/portal\/benestar-social-del-consell-comarcal-celebra-30-anys\/","title":{"rendered":"Benestar Social del Consell Comarcal celebra 30 anys"},"content":{"rendered":"<p>L\u2019\u00e0rea de Benestar Social del Consell Comarcal de l\u2019Alt Empord\u00e0 ha celebrat els 30 anys de vida del servei. El castell de Sant Ferran de Figueres ha acollit, aquest divendres 29, una jornada per celebrar l\u2019efem\u00e8ride, per\u00f2 tamb\u00e9 per posar a debat els reptes de futur que t\u00e9 la comarca en l\u2019\u00e0mbit dels serveis socials.<\/p>\n<p>La presidenta del Consell Comarcal de l\u2019Alt Empord\u00e0, S\u00f2nia Mart\u00ednez, ha donat la benvinguda als assistents agraint l\u2019esfor\u00e7 dels setanta treballadors de l\u2019\u00e0rea i de la xarxa d\u2019entitats i agents del tercer sector que col\u00b7laboren en la gesti\u00f3 de serveis i programes comarcals. Mart\u00ednez ha fet \u00e8mfasi en la complexitat que es dona a la comarca i els esfor\u00e7os que s\u2019aboquen per construir una \u201csocietat justa, equitativa i amb oportunitats\u201d.<\/p>\n<p>Tamb\u00e9 ha explicat que \u201cla situaci\u00f3 de crisi econ\u00f2mica i social que afecta el pa\u00eds des de fa m\u00e9s de deu anys ha generat en moltes persones i fam\u00edlies de la comarca una major situaci\u00f3 de vulnerabilitat\u201d i, per tant, necessiten \u201cuna major necessitat d&#8217;atenci\u00f3 social\u201d.<\/p>\n<p>La Directora General de Serveis Socials del Departament Treball, Afers Socials i Fam\u00edlies de la Generalitat de Catalunya, Meritxell Bened\u00ed ha valorat la import\u00e0ncia de les administracions locals: \u201cHem de garantir que no queda ning\u00fa enrere, el servei catal\u00e0 de serveis socials ens ha d\u2019atendre a totes i el paper dels serveis locals \u00e9s essencial\u201d. L\u2019alcaldessa de Figueres, Agn\u00e8s Llad\u00f3, tamb\u00e9 ha remarcat la complexitat de la comarca posant l\u2019accent en la necessitat de treballar de manera coordinada i amb una estrat\u00e8gia comuna\u201d.<\/p>\n<p><strong>Confer\u00e8ncia i taula rodona<\/strong><br \/>\nL\u2019arquitecta, urbanista i activista social, Itziar Gonz\u00e1lez, ha realitzat una confer\u00e8ncia sota el t\u00edtol \u201cReivindicaci\u00f3 de la condici\u00f3 d&#8217;espai llindar per als Serveis Socials\u201d. En la seva pon\u00e8ncia, Gonz\u00e1lez ha defensat el rol de la ciutadania com a motor i que les administracions s\u2019han d\u2019obrir: \u201cla gent no sap que passa a dins les administracions, hem de fer que entri la llum del sol a l\u2019administraci\u00f3 p\u00fablica i la manera de fer-ho \u00e9s que empatitzin\u201d.<\/p>\n<p>Tamb\u00e9 ha destacat que \u201cper fer pol\u00edtica, cal con\u00e8ixer la realitat\u201d i que els treballadors de benestar s\u00f3n els que la coneixen m\u00e9s, doncs la viuen dia a dia. En definitiva, ha explicat que s\u2019ha d\u2019empoderar la societat i que els treballadors dels serveis socials hi siguin per escoltar. En aquest context l\u2019administraci\u00f3 p\u00fablica ha d\u2019acompanyar i donar suport a aquests treballadors.<\/p>\n<p>Tamb\u00e9 en aquest sentit ha dit que \u201cla pol\u00edtica ha de treure el millor de la ciutadania, que ha de ser emp\u00e0tica, m\u00e9s positiva i menys victimista; necessitem responsabilitat ciutadana\u201d.<\/p>\n<p>L\u2019acte ha prosseguit amb una taula rodona amb la Directora General de Serveis Socials del Departament de Treball, Afers Socials i Fam\u00edlies de la Generalitat de Catalunya, Meritxell Bened\u00ed; l\u2019alcaldessa de Figueres, Agn\u00e8s Llad\u00f3, l\u2019alcalde de l\u2019Escala i conseller comarcal, V\u00edctor Puga; el gerent de la Fundaci\u00f3 Salut Empord\u00e0, Mart\u00ed Masferrer, i la directora t\u00e8cnica de l\u2019\u00e0rea de Benestar Social del Consell Comarcal, Rosa Guix\u00e9. La presidenta del Consell Comarcal S\u00f2nia Mart\u00ednez ha fet tancat la taula fent-ne les conclusions.<\/p>\n<p><strong>Distincions al comprom\u00eds social a l\u2019Alt Empord\u00e0<\/strong><br \/>\nAquest acte d\u2019aniversari ha acabat amb l\u2019entrega d\u2019un seguit de guardons amb l\u2019objectiu de recon\u00e8ixer la tasca de persones i entitats en el m\u00f3n social. El premi, obra de la ceramista i artista N\u00faria Surribas, de Colera, simbolitza l\u2019acompanyament i el recolliment, la viv\u00e8ncia de sentir-se escoltat.<\/p>\n<p>La presidenta S\u00f2nia Mart\u00ednez ha entregat el guard\u00f3 a Josep Fern\u00e1ndez que ha estat lligat a l\u2019ensenyament com a mestre, director i com a adjunt al director dels serveis territorials del departament d\u2019ensenyament a Girona. Durant dinou anys ha estat president de la Fundaci\u00f3 Altem i de l\u2019any 1991 al 1999 va ser conseller delegat de l\u2019\u00e0rea de Benestar al Consell Comarcal.<\/p>\n<p>L\u2019alcaldessa Agn\u00e8s Llad\u00f3 ha entregat el segon dels guardons al projecte socieducatiu Ksameu &#8211; Fundaci\u00f3 Sant Vicen\u00e7 de Pa\u00fcl. Ksameu emmarca la seva acci\u00f3 en l\u2019atenci\u00f3 als i les adolescents i joves de Figueres centrant l\u2019atenci\u00f3 en l\u2019acompanyament personal, en la construcci\u00f3 del seu projecte vital i comunitari, generant un espai on cada persona se senti com a casa seva. La distinci\u00f3 reconeix la feina feta per l\u2019equip Ksameu des de la seva creaci\u00f3; el seu comprom\u00eds i treball amb la Taula d\u2019Inclusi\u00f3 de la comarca i els projectes en curs per treballar amb joves d\u2019altres municipis de la comarca.<\/p>\n<p>La directora general Meritxell Bened\u00ed ha guardonat a Carles Sol\u00e0 per la seva traject\u00f2ria professional compromesa amb el periodisme audiovisual de qualitat i la comunicaci\u00f3 respectuosa amb la diversitat intercultural.<\/p>\n<p>Un dels moments m\u00e9s especials s\u2019ha viscut amb el lliurament del premi als professionals de l\u2019\u00e0mbit social. Tot un seguit de pioneres dels serveis socials b\u00e0sics de la comarca i de Figueres han rebut el premi de mans de Rosa Guix\u00e9. Neus Ordo\u00f1ez, Assun Pag\u00e8s, Merc\u00e8 Pla, Rosanna Rigau, S\u00f2nia Torrent, Imma Arrufat, Olga Campalans i Anna Ruiz han pujat a l\u2019escenari amb tots els assistents aplaudint, en reconeixement a la tasca professional que han desenvolupat en els seus respectius serveis socials.<\/p>\n<p><img loading=\"lazy\" decoding=\"async\" src=\"https:\/\/www.altemporda.org\/portal\/images\/noticies\/2019\/544x363xdscf5420.jpg.pagespeed.ic.Ejh72w-HYX.jpg\" alt=\"\" width=\"544\" height=\"363\" data-pagespeed-url-hash=\"3586852178\" \/><\/p>\n<div class=\"itp-social-buttons-box\">\n<div class=\"itp-sbb-bothl\">\n<div class=\"itp-sb-left\"><a title=\"Submit to Facebook\" href=\"http:\/\/www.facebook.com\/sharer.php?u=https%3A%2F%2Fwww.altemporda.org%2Fportal%2Fcomponent%2Fcontent%2Farticle%2F189-noticies%2F4002-benestar-social-del-consell-comarcal-celebra-30-anys%3FItemid%3D490&amp;t=Benestar%20Social%20del%20consell%20comarcal%20celebra%2030%20anys\" target=\"blank\"><img decoding=\"async\" src=\"data:image\/png;base64,iVBORw0KGgoAAAANSUhEUgAAABgAAAAYCAYAAADgdz34AAAABHNCSVQICAgIfAhkiAAAAAlwSFlzAAALEgAACxIB0t1+\/AAAABh0RVh0U29mdHdhcmUAQWRvYmUgRmlyZXdvcmtzT7MfTgAAABZ0RVh0Q3JlYXRpb24gVGltZQAwNy8xNC8xMHBjVkgAAAJPSURBVEiJrVU9ixNRFD3vvTufmSRuFm20ETu7NSBqY5XGxUXBZq3USgOKhZUg\/gXBRmxsBbuFrUT\/gb9EEdTsZj7eu9di4iSz2SQTzIUU995557xzz52JunbrWY88\/60hf08pnWADIcJjZ4tDW2RDCqP2m1Zn+34QJdCaAKX+Fx3MLsrS0b2j3z8Mxe2t3aR7Fl4QQSm9CQEQYXhBBIjskh\/EhigApGxsKoh8+EHskygFgWwU\/F+IUiBhATOvNXvfU3h0t4+dy+fRSUIAwPE4x8OXn6ANTQlEQMIOwq4xAbPD\/u0ruHn1Uv22IiiyY\/hha1pjB2Jh8BoERZ7i+s7FUzoCazMQhzOX4VLBOgS2SNHtxFV+58FrfP85QhAlSLrnSqyaAmawa+6Bs66W\/0kJ3d4FaCJo45dYswqYm42IncXB+ydz9S8fXwEAjsYZ9p9\/qJ9ZZ0R5Pl7ax8RkL5iOT9iBHDs4tgCWE9giW4EvKIocmvyq5ioP2K0kAIAbey+QjUf49vldVesPHkMbAy+IEbe3ayYzu5kRrSBQhhAmW7UXCQCi5Ay8IIbSBkqb+hYJg5hl4vwqBQrGBDBU1KqGQpA3mbugvkWOQdxQQXWIeS6fvfXJHok09wAAWNxcvpBA3My3qCEBToJV509\/drJFTTwoQ6DQHwxhixTkhQha3bmxVfgsIBEBS3MCpQ28uA3iFpTW5eYs+C9hKT1wsoaCcpt8wMyoWqBAmHPN7A6ZGSIb\/pXeHJAtsqfaeL423kAp1WsoY3mI\/HLOfrVFOvwLfr2cvFzgk+IAAAAASUVORK5CYII=\" alt=\"Submit to Facebook\" data-pagespeed-url-hash=\"3877885571\" \/><\/a><a title=\"Submit to Twitter\" href=\"http:\/\/twitter.com\/share?text=Benestar%20Social%20del%20consell%20comarcal%20celebra%2030%20anys&amp;url=https%3A%2F%2Fwww.altemporda.org%2Fportal%2Fcomponent%2Fcontent%2Farticle%2F189-noticies%2F4002-benestar-social-del-consell-comarcal-celebra-30-anys%3FItemid%3D490\" target=\"blank\"><img decoding=\"async\" src=\"data:image\/png;base64,iVBORw0KGgoAAAANSUhEUgAAABgAAAAYCAMAAADXqc3KAAABX1BMVEVFu+tlu\/BsvvBLw+xsvvBywvFLv+xxwfFNxexOwe2EzPNKt+xLt+xMuOxMuexNxuxQxe1Qxu1Rve1Rwu1Tv+1Tx+1Uw+1Vw+1VxO1WyO1Xue5Xw+1XxO1Xxu5Yvu5ZyO5au+5axO5aye5bxO5bx+5cyO5dve5dxu5eyu5fxu5hyu9iy+9jx+9jye9jyu9kyO9lxO5nyO9nze9oxe9qx\/BqzfBryfBryvBrzvBsy\/BvyvBwzfBwz\/BzwvF0y\/F00PF1zvB10fF3zfF4zfJ60fF60vF7zvJ+0fJ\/z\/N\/0\/KB0POE0POE1fOGzPOG1fOH0fOI1vOK1POL0vON0vSN0\/SN1\/SS0\/WS2fSU2fWV1PWW1fWW2vWa2fWa2\/We3Paf3Pah3fai3fak3vap3faw3\/e04Pe25fi34vi\/5\/jB6fnK6\/rO7frj9Pzn9f3v+f33\/P74\/P75\/P78\/v\/9\/v\/\/\/\/9mrPf1AAAAC3RSTlMVFairq66x9vn5+XR\/mDIAAAESSURBVCjPbVGxTsQwDI0dp1VFT4d0iOHUL7iJiW9g5yP5Bb6BhZUBiQlGBtRrL3GdkCYtOq61lFr183vWswHA3KvLeBEB81BpuKgH6Z\/JbA0sGKEw8Fgv6xFpCUJYARSQX60rT+LHLLuq+9ZngNAwjNmVqrLFGTBMDIsKLP1jeE4N8R3iY\/eJ84wkJVOjAWsmBidlnhVazgyehsdPeIotxWYzzMNnKdgjKMSQAdG32sc4NVrdHINGCD7FiTh1+GiivosK3Wu2yXqHMsbXPrlAfA\/p3+ktjNm3bw2M0M9HBiw0dR7W9UPcJ5bX2X9LzmUHdMVxOVBwWpFyJP3fCfS0m+y8w9V7dCS8eloBpU25qFuWX2lyjb3ArGdtAAAAAElFTkSuQmCC\" alt=\"Submit to Twitter\" data-pagespeed-url-hash=\"1770216940\" \/><\/a><a title=\"Submit to LinkedIn\" href=\"http:\/\/www.linkedin.com\/shareArticle?mini=true&amp;url=https%3A%2F%2Fwww.altemporda.org%2Fportal%2Fcomponent%2Fcontent%2Farticle%2F189-noticies%2F4002-benestar-social-del-consell-comarcal-celebra-30-anys%3FItemid%3D490&amp;title=Benestar%20Social%20del%20consell%20comarcal%20celebra%2030%20anys\" target=\"blank\"><img decoding=\"async\" src=\"data:image\/png;base64,iVBORw0KGgoAAAANSUhEUgAAABgAAAAYCAMAAADXqc3KAAABblBMVEUFV4Uha48kcJMEW40GW4sndZgGW4smdJcDXY8HXY0ugaUDXZAFX5EFX5IHYZMJYI4JZJUMYZAMZpcNZJINZZMOW4QOXogOZZQOZpUOZ5YOaJcOaZgOaZkPYIoPZJAQZZIQZpQQaJURY44Ra5kRbJsTZY8TaZYUbZwUb54VZ5EVbJgWcJ4XaZMXcqAYbpkYbpoZc6AabJQab5oacJsacZwadaIcbpYcdqIdeKUedJ4gcJYgdZ4gd6AgeqUhfKcicJgjeaMjfqkkd54ke6Ukf6olfKUndZknf6gngq0ofqYogqsphK0qgakqg6wqha8shKwtg6sth7AtiLEvgqYvhqwwibAwi7Qxh64yiK0zjrY0i680kLY1kbg2jbI2jrI4kbY4k7o5lbs6lrw7fZ47l7w8mL0+jLFHlrlRm71Ti6hYkrFZlLNambhblrNdl7Zfmrd7s8yXvc+axtmjyNmpzNzM4er0+Pr1+fv6\/P3\/\/\/8fOfN\/AAAAC3RSTlMVFaWrrq6x8\/b5+euK580AAAD8SURBVCjPddE9TgMxEIbhd+LxkhURggJR0HAAeiQabkDNObkBF4hERU8XWkDs2jMeiixSfhaX7+PPjUUkP3B4XmpIfjxJctDDx2fNqyxHi8hZnvrjDvGjEcGcqBsQV13Z7C1dzQHLkovugm2hlFyL7IMb0F6H5akBl\/2wfdLVDPA7WN9iraNfvSXAtCagAl+gAPn6HajbxTjhR3cO3ZjA1AvgE6zP7iGZg2sNwCZYfAJRBEyrTNEBCyDGDFVr+4vTBVp1cLUG7CJhAk1uFHAblhLDUrFBehWwlMTMzDyaezQ3B3ezb7mY+w4Ibf9BybNQ02IxOyhCyumoe\/VfEp+LwBJCRFYAAAAASUVORK5CYII=\" alt=\"Submit to LinkedIn\" data-pagespeed-url-hash=\"2033222083\" \/><\/a><\/div>\n<\/div>\n<\/div>\n","protected":false},"excerpt":{"rendered":"<p>En una jornada celebrada el passat divendres 29 de novembre al castell de Sant Ferran de Figueres per celebrar l\u2019efem\u00e8ride per\u00f2 tamb\u00e9 per posar a debat els reptes de futur que t\u00e9 la comarca en l\u2019\u00e0mbit dels serveis socials.<\/p>\n","protected":false},"author":2,"featured_media":7506,"comment_status":"closed","ping_status":"closed","sticky":false,"template":"","format":"standard","meta":{"footnotes":""},"categories":[106,100,101,104,1,108,102],"tags":[],"class_list":["post-7505","post","type-post","status-publish","format-standard","has-post-thumbnail","hentry","category-administracions","category-area-benestar","category-ciutadania","category-entitats-socials","category-general","category-mitjans-comunicacio","category-professionals-ambit-social","category-106","category-100","category-101","category-104","category-1","category-108","category-102","description-off"],"_links":{"self":[{"href":"https:\/\/inclusioaltemporda.cat\/portal\/wp-json\/wp\/v2\/posts\/7505","targetHints":{"allow":["GET"]}}],"collection":[{"href":"https:\/\/inclusioaltemporda.cat\/portal\/wp-json\/wp\/v2\/posts"}],"about":[{"href":"https:\/\/inclusioaltemporda.cat\/portal\/wp-json\/wp\/v2\/types\/post"}],"author":[{"embeddable":true,"href":"https:\/\/inclusioaltemporda.cat\/portal\/wp-json\/wp\/v2\/users\/2"}],"replies":[{"embeddable":true,"href":"https:\/\/inclusioaltemporda.cat\/portal\/wp-json\/wp\/v2\/comments?post=7505"}],"version-history":[{"count":2,"href":"https:\/\/inclusioaltemporda.cat\/portal\/wp-json\/wp\/v2\/posts\/7505\/revisions"}],"predecessor-version":[{"id":7508,"href":"https:\/\/inclusioaltemporda.cat\/portal\/wp-json\/wp\/v2\/posts\/7505\/revisions\/7508"}],"wp:featuredmedia":[{"embeddable":true,"href":"https:\/\/inclusioaltemporda.cat\/portal\/wp-json\/wp\/v2\/media\/7506"}],"wp:attachment":[{"href":"https:\/\/inclusioaltemporda.cat\/portal\/wp-json\/wp\/v2\/media?parent=7505"}],"wp:term":[{"taxonomy":"category","embeddable":true,"href":"https:\/\/inclusioaltemporda.cat\/portal\/wp-json\/wp\/v2\/categories?post=7505"},{"taxonomy":"post_tag","embeddable":true,"href":"https:\/\/inclusioaltemporda.cat\/portal\/wp-json\/wp\/v2\/tags?post=7505"}],"curies":[{"name":"wp","href":"https:\/\/api.w.org\/{rel}","templated":true}]}}