{"id":7516,"date":"2019-12-17T12:37:30","date_gmt":"2019-12-17T11:37:30","guid":{"rendered":"https:\/\/inclusioaltemporda.cat\/portal\/?p=7516"},"modified":"2019-12-17T12:42:14","modified_gmt":"2019-12-17T11:42:14","slug":"30-anys-de-larea-de-benestar-social-del-consell-comarcal","status":"publish","type":"post","link":"https:\/\/inclusioaltemporda.cat\/portal\/30-anys-de-larea-de-benestar-social-del-consell-comarcal\/","title":{"rendered":"30 anys de l&#8217;\u00e0rea de Benestar social del Consell Comarcal"},"content":{"rendered":"<p>L\u2019\u00e0rea de Benestar Social del Consell Comarcal de l\u2019Alt Empord\u00e0 ha celebrat aquesta tardor els 30 anys de vida del servei.<\/p>\n<p>En el marc de l&#8217;acte de celebraci\u00f3 d&#8217;aquesta efem\u00e8ride, realitzat el passat 29 de novembre, es van presentar 3 productes creats especialment per aquesta commemoraci\u00f3 amb els objectius de recollir la hist\u00f2ria d&#8217;aquests 30 anys d&#8217;exist\u00e8ncia de l&#8217;\u00e0rea i situar els reptes de futur dels diferents equips professionals de l&#8217;\u00e0rea de Benestar del Consell Comarcal.<\/p>\n<p>A trav\u00e9s dels seg\u00fcents enlla\u00e7os es poden descarregar el <a href=\"https:\/\/inclusioaltemporda.cat\/portal\/wp-content\/uploads\/QUADRIPTIC_DEF_WEB.pdf\" target=\"_blank\" rel=\"noopener\">Fris cronol\u00f2gic<\/a> que recull els fets hist\u00f2rics rellevants que han marcat els 30 anys de l&#8217;\u00e0rea, l&#8217;edici\u00f3 especial del <a href=\"https:\/\/inclusioaltemporda.cat\/portal\/wp-content\/uploads\/BUTLLET\u00cd-30-ANYS_web.pdf\" target=\"_blank\" rel=\"noopener\">Butllet\u00ed INFO+<\/a> escrit pels professionals dels diferents serveis de l&#8217;\u00e0rea de Benestar, i el v\u00eddeo de commemoraci\u00f3 d&#8217;aquest fet:<\/p>\n<p>&nbsp;<\/p>\n<p><iframe loading=\"lazy\" src=\"https:\/\/www.youtube.com\/embed\/q1bm0pqWPWE\" width=\"560\" height=\"315\" frameborder=\"0\" allowfullscreen=\"allowfullscreen\"><\/iframe><\/p>\n","protected":false},"excerpt":{"rendered":"<p>L\u2019\u00e0rea de Benestar Social del Consell Comarcal de l\u2019Alt Empord\u00e0 ha celebrat aquesta tardor els 30 anys de vida del servei<\/p>\n","protected":false},"author":2,"featured_media":7521,"comment_status":"closed","ping_status":"closed","sticky":false,"template":"","format":"standard","meta":{"footnotes":""},"categories":[106,100,107,101,105,104,103,1,108,102],"tags":[],"class_list":["post-7516","post","type-post","status-publish","format-standard","has-post-thumbnail","hentry","category-administracions","category-area-benestar","category-centres-recerca-universitats","category-ciutadania","category-empreses","category-entitats-socials","category-estudiants-escoles-instituts","category-general","category-mitjans-comunicacio","category-professionals-ambit-social","category-106","category-100","category-107","category-101","category-105","category-104","category-103","category-1","category-108","category-102","description-off"],"_links":{"self":[{"href":"https:\/\/inclusioaltemporda.cat\/portal\/wp-json\/wp\/v2\/posts\/7516","targetHints":{"allow":["GET"]}}],"collection":[{"href":"https:\/\/inclusioaltemporda.cat\/portal\/wp-json\/wp\/v2\/posts"}],"about":[{"href":"https:\/\/inclusioaltemporda.cat\/portal\/wp-json\/wp\/v2\/types\/post"}],"author":[{"embeddable":true,"href":"https:\/\/inclusioaltemporda.cat\/portal\/wp-json\/wp\/v2\/users\/2"}],"replies":[{"embeddable":true,"href":"https:\/\/inclusioaltemporda.cat\/portal\/wp-json\/wp\/v2\/comments?post=7516"}],"version-history":[{"count":2,"href":"https:\/\/inclusioaltemporda.cat\/portal\/wp-json\/wp\/v2\/posts\/7516\/revisions"}],"predecessor-version":[{"id":7522,"href":"https:\/\/inclusioaltemporda.cat\/portal\/wp-json\/wp\/v2\/posts\/7516\/revisions\/7522"}],"wp:featuredmedia":[{"embeddable":true,"href":"https:\/\/inclusioaltemporda.cat\/portal\/wp-json\/wp\/v2\/media\/7521"}],"wp:attachment":[{"href":"https:\/\/inclusioaltemporda.cat\/portal\/wp-json\/wp\/v2\/media?parent=7516"}],"wp:term":[{"taxonomy":"category","embeddable":true,"href":"https:\/\/inclusioaltemporda.cat\/portal\/wp-json\/wp\/v2\/categories?post=7516"},{"taxonomy":"post_tag","embeddable":true,"href":"https:\/\/inclusioaltemporda.cat\/portal\/wp-json\/wp\/v2\/tags?post=7516"}],"curies":[{"name":"wp","href":"https:\/\/api.w.org\/{rel}","templated":true}]}}