{"id":7527,"date":"2020-01-09T09:59:04","date_gmt":"2020-01-09T08:59:04","guid":{"rendered":"https:\/\/inclusioaltemporda.cat\/portal\/?p=7527"},"modified":"2020-01-09T10:03:10","modified_gmt":"2020-01-09T09:03:10","slug":"lequip-dinclusio-organitza-una-formacio-en-genere-diversitat-intercultural-i-atencio-a-les-persones-per-a-professionals-de-la-comarca","status":"publish","type":"post","link":"https:\/\/inclusioaltemporda.cat\/portal\/lequip-dinclusio-organitza-una-formacio-en-genere-diversitat-intercultural-i-atencio-a-les-persones-per-a-professionals-de-la-comarca\/","title":{"rendered":"Formaci\u00f3 en g\u00e8nere, diversitat intercultural i atenci\u00f3 a les persones per a professionals de la comarca"},"content":{"rendered":"<div>En el marc del Pla\u00a0per a la Igualtat de G\u00e8nere de l&#8217;Alt Empord\u00e0,\u00a0l&#8217;equip d&#8217;Inclusi\u00f3 i Atenci\u00f3 a la Comunitat del Consell Comarcal\u00a0ha programat per a aquest mes de gener una\u00a0formaci\u00f3 adre\u00e7ada als professionals de diferents serveis p\u00fablics de la comarca centrada en G\u00e8nere, Interculturalitat i Atenci\u00f3 a les Persones.<\/div>\n<div><\/div>\n<div>Aquesta formaci\u00f3 i el fet de compartir-la entre diferents serveis de la comarca, respon a una de les l\u00ednies de treball del\u00a0Pla per a la Igualtat de G\u00e8nere orientada a sensibilitzar, refor\u00e7ar el coneixement i\u00a0 promoure la participaci\u00f3 i el treball en xarxa dels professionals dels serveis socials,\u00a0salut,\u00a0serveis d&#8217;Informaci\u00f3 i Atenci\u00f3 a les dones, educaci\u00f3,\u00a0cossos policials i professionals d&#8217;entitats especialitzades en l&#8217;acompanyament\u00a0de dones i ciutadania.<\/div>\n<div><\/div>\n<div>La formaci\u00f3 ser\u00e0 impartida per professionals de la\u00a0Fundaci\u00f3 SURT i constar\u00e0 de 3\u00a0sessions que tindran lloc els dies 22, 24 i 29 de gener\u00a0de 5 hores de durada cadascuna. La formaci\u00f3\u00a0es far\u00e0 a la Sala\u00a0de Plens del Consell Comarcal.<\/div>\n<div><\/div>\n<div>En aquestes sessions es treballaran conceptes b\u00e0sics relacionats amb el g\u00e8nere i la interculturalitat,\u00a0la seva aplicaci\u00f3 en l&#8217;atenci\u00f3 a les persones i la intervenci\u00f3 comunit\u00e0ria; les migracions i els reptes de la conviv\u00e8ncia intercultural; la identificaci\u00f3 dels\u00a0models de conviv\u00e8ncia i les diferents\u00a0pol\u00edtiques p\u00fabliques de gesti\u00f3 de la diversitat; les viol\u00e8ncies masclistes des de la perspectiva interseccional i\u00a0els factors de vulnerabilitat de les dones migrades\u00a0 i s&#8217;oferiran eines pr\u00e0ctiques\u00a0per a la intervenci\u00f3 i atenci\u00f3\u00a0de les\u00a0persones.<\/div>\n<div><\/div>\n<div>Si hi esteu interessats, queden poques places disponibles. Us podeu<a href=\"https:\/\/docs.google.com\/forms\/d\/e\/1FAIpQLScbdTNPKaNq8R3NtG_FosVbKDNpmwAU8kzQPHut-6rDGHDG1w\/viewform\"> inscriure\u00a0omplint aquest formulari<\/a>.<\/div>\n","protected":false},"excerpt":{"rendered":"<p>En el marc del Pla per a la Igualtat de G\u00e8nere de l&#8217;Alt Empord\u00e0, l&#8217;equip d&#8217;Inclusi\u00f3 i Atenci\u00f3 a la Comunitat del Consell Comarcal ha programat per a aquest mes de gener una nova formaci\u00f3 adre\u00e7ada als professionals de diferents serveis p\u00fablics de la comarca.<\/p>\n","protected":false},"author":2,"featured_media":7528,"comment_status":"closed","ping_status":"closed","sticky":false,"template":"","format":"standard","meta":{"footnotes":""},"categories":[106,33,100,101,104,103,1,108,102],"tags":[],"class_list":["post-7527","post","type-post","status-publish","format-standard","has-post-thumbnail","hentry","category-administracions","category-agenda","category-area-benestar","category-ciutadania","category-entitats-socials","category-estudiants-escoles-instituts","category-general","category-mitjans-comunicacio","category-professionals-ambit-social","category-106","category-33","category-100","category-101","category-104","category-103","category-1","category-108","category-102","description-off"],"_links":{"self":[{"href":"https:\/\/inclusioaltemporda.cat\/portal\/wp-json\/wp\/v2\/posts\/7527","targetHints":{"allow":["GET"]}}],"collection":[{"href":"https:\/\/inclusioaltemporda.cat\/portal\/wp-json\/wp\/v2\/posts"}],"about":[{"href":"https:\/\/inclusioaltemporda.cat\/portal\/wp-json\/wp\/v2\/types\/post"}],"author":[{"embeddable":true,"href":"https:\/\/inclusioaltemporda.cat\/portal\/wp-json\/wp\/v2\/users\/2"}],"replies":[{"embeddable":true,"href":"https:\/\/inclusioaltemporda.cat\/portal\/wp-json\/wp\/v2\/comments?post=7527"}],"version-history":[{"count":4,"href":"https:\/\/inclusioaltemporda.cat\/portal\/wp-json\/wp\/v2\/posts\/7527\/revisions"}],"predecessor-version":[{"id":7532,"href":"https:\/\/inclusioaltemporda.cat\/portal\/wp-json\/wp\/v2\/posts\/7527\/revisions\/7532"}],"wp:featuredmedia":[{"embeddable":true,"href":"https:\/\/inclusioaltemporda.cat\/portal\/wp-json\/wp\/v2\/media\/7528"}],"wp:attachment":[{"href":"https:\/\/inclusioaltemporda.cat\/portal\/wp-json\/wp\/v2\/media?parent=7527"}],"wp:term":[{"taxonomy":"category","embeddable":true,"href":"https:\/\/inclusioaltemporda.cat\/portal\/wp-json\/wp\/v2\/categories?post=7527"},{"taxonomy":"post_tag","embeddable":true,"href":"https:\/\/inclusioaltemporda.cat\/portal\/wp-json\/wp\/v2\/tags?post=7527"}],"curies":[{"name":"wp","href":"https:\/\/api.w.org\/{rel}","templated":true}]}}