{"id":7534,"date":"2020-01-28T14:31:23","date_gmt":"2020-01-28T13:31:23","guid":{"rendered":"https:\/\/inclusioaltemporda.cat\/portal\/?p=7534"},"modified":"2020-01-28T14:45:07","modified_gmt":"2020-01-28T13:45:07","slug":"novena-edicio-de-lespai-de-formacio-per-a-families","status":"publish","type":"post","link":"https:\/\/inclusioaltemporda.cat\/portal\/novena-edicio-de-lespai-de-formacio-per-a-families\/","title":{"rendered":"Novena edici\u00f3 de l&#8217;Espai de Formaci\u00f3 per a Fam\u00edlies"},"content":{"rendered":"<div><span lang=\"es\">Aquest mes de gener s&#8217;ha posat en marxa una nova edici\u00f3\u00a0de l&#8217;Espai de Formaci\u00f3 per a Fam\u00edlies que gestiona l&#8217;\u00e0rea de Benestar del Consell Comarcal de l&#8217;Alt Empord\u00e0.<\/span><\/div>\n<div><\/div>\n<div><span lang=\"es\">Aquesta \u00e9s la novena edici\u00f3 d&#8217;aquest recurs adre\u00e7at a\u00a0pares i mares amb fills i filles d&#8217;edats compreses entre els 6-16 anys. <\/span><span lang=\"de\">Les fam\u00edlies destinat\u00e0ries del programa resideixen a la comarca\u00a0i s\u00f3n ateses pels serveis socials d\u2019atenci\u00f3 prim\u00e0ria i pels serveis especialitzats d\u2019atenci\u00f3 a la inf\u00e0ncia en risc de la comarca.<\/span><\/div>\n<div><\/div>\n<div><span lang=\"de\">L&#8217; Espai de Formaci\u00f3 per a Fam\u00edlies\u00a0\u00e9s un programa psicoeducatiu de suport a la parentalitat positiva que t\u00e9 com a objectiu prioritari refor\u00e7ar les relacions paternofilials per afavorir el desenvolupament i l\u2019exercici de la parentalitat, de manera que es garanteixi al m\u00e0xim el desenvolupament de l\u2019infant.<\/span><\/div>\n<div><\/div>\n<div><span lang=\"es\">El programa d&#8217;enguany\u00a0en el qual estan participant-hi 14 fam\u00edlies tindr\u00e0 12 sessions de durada, amb una periodicitat setmanal, i\u00a0finalitzar\u00e0 a finals del mes de mar\u00e7.<br \/>\n<\/span><\/div>\n<div><\/div>\n","protected":false},"excerpt":{"rendered":"<p>Aquest mes de gener s&#8217;ha posat en marxa una nova edici\u00f3 de l&#8217;Espai de Formaci\u00f3 per a Fam\u00edlies que gestiona l&#8217;\u00e0rea de Benestar del Consell Comarcal de l&#8217;Alt Empord\u00e0<\/p>\n","protected":false},"author":2,"featured_media":3853,"comment_status":"closed","ping_status":"closed","sticky":false,"template":"","format":"standard","meta":{"footnotes":""},"categories":[106,100,101,1,108,102],"tags":[],"class_list":["post-7534","post","type-post","status-publish","format-standard","has-post-thumbnail","hentry","category-administracions","category-area-benestar","category-ciutadania","category-general","category-mitjans-comunicacio","category-professionals-ambit-social","category-106","category-100","category-101","category-1","category-108","category-102","description-off"],"_links":{"self":[{"href":"https:\/\/inclusioaltemporda.cat\/portal\/wp-json\/wp\/v2\/posts\/7534","targetHints":{"allow":["GET"]}}],"collection":[{"href":"https:\/\/inclusioaltemporda.cat\/portal\/wp-json\/wp\/v2\/posts"}],"about":[{"href":"https:\/\/inclusioaltemporda.cat\/portal\/wp-json\/wp\/v2\/types\/post"}],"author":[{"embeddable":true,"href":"https:\/\/inclusioaltemporda.cat\/portal\/wp-json\/wp\/v2\/users\/2"}],"replies":[{"embeddable":true,"href":"https:\/\/inclusioaltemporda.cat\/portal\/wp-json\/wp\/v2\/comments?post=7534"}],"version-history":[{"count":3,"href":"https:\/\/inclusioaltemporda.cat\/portal\/wp-json\/wp\/v2\/posts\/7534\/revisions"}],"predecessor-version":[{"id":7537,"href":"https:\/\/inclusioaltemporda.cat\/portal\/wp-json\/wp\/v2\/posts\/7534\/revisions\/7537"}],"wp:featuredmedia":[{"embeddable":true,"href":"https:\/\/inclusioaltemporda.cat\/portal\/wp-json\/wp\/v2\/media\/3853"}],"wp:attachment":[{"href":"https:\/\/inclusioaltemporda.cat\/portal\/wp-json\/wp\/v2\/media?parent=7534"}],"wp:term":[{"taxonomy":"category","embeddable":true,"href":"https:\/\/inclusioaltemporda.cat\/portal\/wp-json\/wp\/v2\/categories?post=7534"},{"taxonomy":"post_tag","embeddable":true,"href":"https:\/\/inclusioaltemporda.cat\/portal\/wp-json\/wp\/v2\/tags?post=7534"}],"curies":[{"name":"wp","href":"https:\/\/api.w.org\/{rel}","templated":true}]}}