{"id":7540,"date":"2020-03-04T08:49:33","date_gmt":"2020-03-04T07:49:33","guid":{"rendered":"https:\/\/inclusioaltemporda.cat\/portal\/?p=7540"},"modified":"2020-08-10T11:00:42","modified_gmt":"2020-08-10T10:00:42","slug":"el-programa-de-dones-referents-comunitaries-de-consell-comarcal-enceta-una-nova-etapa","status":"publish","type":"post","link":"https:\/\/inclusioaltemporda.cat\/portal\/el-programa-de-dones-referents-comunitaries-de-consell-comarcal-enceta-una-nova-etapa\/","title":{"rendered":"El programa de Dones Referents Comunit\u00e0ries de Consell Comarcal enceta una nova etapa"},"content":{"rendered":"<p>El programa de Dones Referents Comunit\u00e0ries de l\u2019Alt Empord\u00e0 ha concl\u00f2s satisfact\u00f2riament el primer any de posada en marxa amb la participaci\u00f3 d\u2019onze dones de diferents municipis de la comarca que, a partir d\u2019ara, donaran continu\u00eftat a la iniciativa amb un projecte aut\u00f2nom i sostenible en el temps, <a href=\"https:\/\/amunticritsdonesaltemporda.blogspot.com\/\">l&#8217;associaci\u00f3 Amunt i Crits Dones Referents Comunit\u00e0ries de l&#8217;Alt Empord\u00e0<\/a>.<\/p>\n<p>L\u2019objectiu de l\u2019experi\u00e8ncia ha estat refor\u00e7ar l\u2019empoderament d\u2019un grup de dones de la comarca d\u2019origen migrant, amb l\u2019objectiu de facilitar processos d\u2019intervenci\u00f3 comunit\u00e0ria amb altres dones i fam\u00edlies i diversos agents de la comarca per promoure processos orientats a refor\u00e7ar la conviv\u00e8ncia, la inclusi\u00f3 i la cohesi\u00f3 social.<\/p>\n<p>Aquesta iniciativa ha posat a l\u2019abast de les dones participants totes les eines necess\u00e0ries per empoderar-les, fent que fossin elles mateixes les que professionalment experimentessin un canvi real com a dones referents comunit\u00e0ries.<\/p>\n<p>El projecte s\u2019ha desenvolupat durant tot l\u2019any 2019 amb tot un seguit d\u2019accions que, es van iniciar amb 200 hores de formaci\u00f3 impartides per 38 professionals de diferents serveis p\u00fablics i entitats de Catalunya, que va cloure amb diferents accions comunit\u00e0ries dinamitzades per les dones referents amb altres dones i professionals de diferents municipis. Aquestes accions comunit\u00e0ries han perm\u00e8s arribar a m\u00e9s de 150 dones migrades de la comarca i a m\u00e9s de 60 professionals dels serveis socials i de salut.<\/p>\n<p>La formaci\u00f3 es va centrar en diferents \u00e0mbits i tem\u00e0tiques com els mateixos processos migratoris i la construcci\u00f3 de la diversitat cultural, la mediaci\u00f3 intercultural, els serveis socials b\u00e0sics, el servei d\u2019informaci\u00f3 i atenci\u00f3 a les Dones de l\u2019Alt Empord\u00e0, l\u2019acompanyament a la inf\u00e0ncia i els joves i l\u2019acci\u00f3 comunit\u00e0ria, entre molts d\u2019altres. Aquest bagatge formatiu ha perm\u00e8s a aquest grup de dones crear un relat propi i dibuixar un nou perfil professional, les dones referents comunit\u00e0ries, que fan de pont entre les persones nouvingudes i la societat d\u2019acollida, promovent accions inclusives i de millora de la qualitat de vida de la poblaci\u00f3.<\/p>\n<p>Les accions comunit\u00e0ries fetes per les dones referents comunit\u00e0ries amb altres dones es van dur a terme als municipis de Roses, L\u2019Escala, Castell\u00f3 d\u2019Emp\u00faries, Sant Pere Pescador i Figueres i es va fer una presentaci\u00f3 del programa a m\u00e9s de 90 dones de la comarca en una trobada comunit\u00e0ria organitzada a Santa Eug\u00e8nia d\u2019Agullana.<\/p>\n<p>El programa va ser presentat als serveis d\u2019acollida i serveis socials de l\u2019Ajuntament de Figueres, a la Taula d\u2019Inclusi\u00f3 de l\u2019Alt Empord\u00e0, a la Fundaci\u00f3 Salut Empord\u00e0, al Cicle d\u2019Integraci\u00f3 Social de l\u2019Institut Ramon Muntaner, entre d\u2019altres.<\/p>\n<p>Les dones referents comunit\u00e0ries tamb\u00e9 han participat en el projecte Interreg Prospectsaso exposant la seva experi\u00e8ncia en els seminaris organitzats a Figueres i Perpiny\u00e0 sobre l&#8217;acollida de persones migrades a l\u2019espai catal\u00e0 transfronterer.<\/p>\n<p>Aquesta ha estat\u00a0una experi\u00e8ncia\u00a0nova\u00a0que posa\u00a0el\u00a0coneixement i experi\u00e8ncia de les dones referents a disposici\u00f3 dels serveis p\u00fablics per millorar\u00a0l&#8217;atenci\u00f3 a la diversitat. Un cop el programa ha tancat la primera fase inicial, les dones han decidit donar continu\u00eftat a aquest projecte i a tota l\u2019experi\u00e8ncia acumulada. Han creat una entitat que es donar\u00e0 a con\u00e8ixer pr\u00f2ximament per continuar amb aquesta iniciativa i refor\u00e7ar les accions comunit\u00e0ries a la comarca. Les dones referents comunit\u00e0ries inicien ara una segona fase del projecte, amb una entitat pr\u00f2pia, que comptar\u00e0 amb un acompanyament de l\u2019equip d\u2019Inclusi\u00f3 durant un temps, per consolidar un nou projecte obert a tots els municipis de la comarca que permeti crear sinergies amb altres accions inclusives.<\/p>\n<p>Aquest programa ha estat finan\u00e7at per la Convocat\u00f2ria Interculturalitat i Acci\u00f3 Social 2018 de la Fundaci\u00f3 Banc\u00e0ria La Caixa i va quedar entre els finalistes del V\u00e8 Premi d\u2019Innovaci\u00f3 Social 2018 de la Fundaci\u00f3 La Caixa.<\/p>\n<p>En aquest <a href=\"https:\/\/www.youtube.com\/watch?v=LJf0G_5XcK8\">enlla\u00e7 podeu veure el v\u00eddeo del programa\u00a0que s&#8217;ha realitzat amb l&#8217;objectiu de\u00a0sensibilitzar i difondre la iniciativa<\/a>.<\/p>\n","protected":false},"excerpt":{"rendered":"<p>El programa Dones Referents Comunit\u00e0ries de l\u2019Alt Empord\u00e0 ha concl\u00f2s el primer any de posada en marxa i les dones donen continu\u00eftat a la iniciativa amb un projecte aut\u00f2nom i sostenible en el temps.<\/p>\n","protected":false},"author":2,"featured_media":7126,"comment_status":"closed","ping_status":"closed","sticky":false,"template":"","format":"standard","meta":{"footnotes":""},"categories":[106,100,107,101,105,104,103,1,108,12,102],"tags":[],"class_list":["post-7540","post","type-post","status-publish","format-standard","has-post-thumbnail","hentry","category-administracions","category-area-benestar","category-centres-recerca-universitats","category-ciutadania","category-empreses","category-entitats-socials","category-estudiants-escoles-instituts","category-general","category-mitjans-comunicacio","category-pla-dinclusio-2","category-professionals-ambit-social","category-106","category-100","category-107","category-101","category-105","category-104","category-103","category-1","category-108","category-12","category-102","description-off"],"_links":{"self":[{"href":"https:\/\/inclusioaltemporda.cat\/portal\/wp-json\/wp\/v2\/posts\/7540","targetHints":{"allow":["GET"]}}],"collection":[{"href":"https:\/\/inclusioaltemporda.cat\/portal\/wp-json\/wp\/v2\/posts"}],"about":[{"href":"https:\/\/inclusioaltemporda.cat\/portal\/wp-json\/wp\/v2\/types\/post"}],"author":[{"embeddable":true,"href":"https:\/\/inclusioaltemporda.cat\/portal\/wp-json\/wp\/v2\/users\/2"}],"replies":[{"embeddable":true,"href":"https:\/\/inclusioaltemporda.cat\/portal\/wp-json\/wp\/v2\/comments?post=7540"}],"version-history":[{"count":4,"href":"https:\/\/inclusioaltemporda.cat\/portal\/wp-json\/wp\/v2\/posts\/7540\/revisions"}],"predecessor-version":[{"id":7726,"href":"https:\/\/inclusioaltemporda.cat\/portal\/wp-json\/wp\/v2\/posts\/7540\/revisions\/7726"}],"wp:featuredmedia":[{"embeddable":true,"href":"https:\/\/inclusioaltemporda.cat\/portal\/wp-json\/wp\/v2\/media\/7126"}],"wp:attachment":[{"href":"https:\/\/inclusioaltemporda.cat\/portal\/wp-json\/wp\/v2\/media?parent=7540"}],"wp:term":[{"taxonomy":"category","embeddable":true,"href":"https:\/\/inclusioaltemporda.cat\/portal\/wp-json\/wp\/v2\/categories?post=7540"},{"taxonomy":"post_tag","embeddable":true,"href":"https:\/\/inclusioaltemporda.cat\/portal\/wp-json\/wp\/v2\/tags?post=7540"}],"curies":[{"name":"wp","href":"https:\/\/api.w.org\/{rel}","templated":true}]}}