{"id":7545,"date":"2020-03-06T09:01:55","date_gmt":"2020-03-06T08:01:55","guid":{"rendered":"https:\/\/inclusioaltemporda.cat\/portal\/?p=7545"},"modified":"2020-03-06T09:01:55","modified_gmt":"2020-03-06T08:01:55","slug":"correponsabilitat-o-correponsabilitat-8m2020","status":"publish","type":"post","link":"https:\/\/inclusioaltemporda.cat\/portal\/correponsabilitat-o-correponsabilitat-8m2020\/","title":{"rendered":"Correponsabilitat o correponsabilitat #8M2020"},"content":{"rendered":"<p>Al llarg d&#8217;aquesta setmana hem posat en marxa una campanya de sensibilitzaci\u00f3 del Pla d&#8217;Igualtat de G\u00e8nere de l&#8217;Alt Empord\u00e0 per promoure la corresposabilitat entre les dones i els homes\u00a0en les tasques de cura i dom\u00e8stiques de la vida quotidiana i sensibilitzar la ciutadania.<\/p>\n<p>Amb\u00a0el lema corresponsabilitat o corresponsabilitat, les c\u00e0psules videogr\u00e0fiques recullen els testimonis de\u00a0diferents ciutadans i ciutadanes que expliquen com es reparteixen les tasques dom\u00e8stiques i de cura a la llar: a casa qui cuina?; a casa qui posa la rentadora?; a casa qui va a\u00a0comprar?; a casa qui cuida els avis?\u00a0i a casa qui prepara els aniversaris?.<\/p>\n<p>Podeu\u00a0visionar aquestes c\u00e0psules i ajudar a fer-ne la seva difusi\u00f3 !\u00a0<a href=\"https:\/\/www.youtube.com\/channel\/UC7-X_ttmgQhYKlJ5qsf7dRw\">Hi podeu accedir en aquest enlla\u00e7 que us porta\u00a0al nostre canal de Youtube<\/a>.<\/p>\n","protected":false},"excerpt":{"rendered":"<p>Al llarg d&#8217;aquesta setmana hem posat en marxa una campanya de sensibilitzaci\u00f3 del Pla d&#8217;Igualtat de G\u00e8nere de l&#8217;Alt Empord\u00e0 per promoure la corresposabilitat entre les dones i els homes en les tasques de cura i dom\u00e8stiques de la vida quotidiana i sensibilitzar la ciutadania.<\/p>\n","protected":false},"author":2,"featured_media":7546,"comment_status":"closed","ping_status":"closed","sticky":false,"template":"","format":"standard","meta":{"footnotes":""},"categories":[106,100,101,105,104,103,1,108,12],"tags":[],"class_list":["post-7545","post","type-post","status-publish","format-standard","has-post-thumbnail","hentry","category-administracions","category-area-benestar","category-ciutadania","category-empreses","category-entitats-socials","category-estudiants-escoles-instituts","category-general","category-mitjans-comunicacio","category-pla-dinclusio-2","category-106","category-100","category-101","category-105","category-104","category-103","category-1","category-108","category-12","description-off"],"_links":{"self":[{"href":"https:\/\/inclusioaltemporda.cat\/portal\/wp-json\/wp\/v2\/posts\/7545","targetHints":{"allow":["GET"]}}],"collection":[{"href":"https:\/\/inclusioaltemporda.cat\/portal\/wp-json\/wp\/v2\/posts"}],"about":[{"href":"https:\/\/inclusioaltemporda.cat\/portal\/wp-json\/wp\/v2\/types\/post"}],"author":[{"embeddable":true,"href":"https:\/\/inclusioaltemporda.cat\/portal\/wp-json\/wp\/v2\/users\/2"}],"replies":[{"embeddable":true,"href":"https:\/\/inclusioaltemporda.cat\/portal\/wp-json\/wp\/v2\/comments?post=7545"}],"version-history":[{"count":2,"href":"https:\/\/inclusioaltemporda.cat\/portal\/wp-json\/wp\/v2\/posts\/7545\/revisions"}],"predecessor-version":[{"id":7548,"href":"https:\/\/inclusioaltemporda.cat\/portal\/wp-json\/wp\/v2\/posts\/7545\/revisions\/7548"}],"wp:featuredmedia":[{"embeddable":true,"href":"https:\/\/inclusioaltemporda.cat\/portal\/wp-json\/wp\/v2\/media\/7546"}],"wp:attachment":[{"href":"https:\/\/inclusioaltemporda.cat\/portal\/wp-json\/wp\/v2\/media?parent=7545"}],"wp:term":[{"taxonomy":"category","embeddable":true,"href":"https:\/\/inclusioaltemporda.cat\/portal\/wp-json\/wp\/v2\/categories?post=7545"},{"taxonomy":"post_tag","embeddable":true,"href":"https:\/\/inclusioaltemporda.cat\/portal\/wp-json\/wp\/v2\/tags?post=7545"}],"curies":[{"name":"wp","href":"https:\/\/api.w.org\/{rel}","templated":true}]}}