{"id":7551,"date":"2020-03-18T14:29:31","date_gmt":"2020-03-18T13:29:31","guid":{"rendered":"https:\/\/inclusioaltemporda.cat\/portal\/?p=7551"},"modified":"2020-03-30T13:07:10","modified_gmt":"2020-03-30T12:07:10","slug":"com-contactar-els-serveis-socials-basics-en-periode-estat-dalarma-per-covid-19","status":"publish","type":"post","link":"https:\/\/inclusioaltemporda.cat\/portal\/com-contactar-els-serveis-socials-basics-en-periode-estat-dalarma-per-covid-19\/","title":{"rendered":"Com contactar els serveis socials b\u00e0sics en per\u00edode estat d&#8217;alarma per COVID-19"},"content":{"rendered":"<p align=\"JUSTIFY\">Davant la declaraci\u00f3 de l\u2019estat d\u2019alarma per la gesti\u00f3 de la situaci\u00f3 de crisi sanit\u00e0ria ocasionada pel COVID-19, l\u2019\u00e0rea de Benestar social del Consell Comarcal de l\u2019Alt Empord\u00e0, d&#8217;acord amb les instruccions del Departament de Treball, Afers Socials i Fam\u00edlies\u00a0 de la Generalitat de Catalunya (Direcci\u00f3 General de Serveis Socials) i les instruccions del Consell Comarcal de l&#8217;Alt Empord\u00e0, informa del seg\u00fcent:<\/p>\n<ul>\n<li>\n<p align=\"JUSTIFY\">Mentre duri l\u2019estat d\u2019alarma, com a mesura de prevenci\u00f3, l&#8217;atenci\u00f3 dels serveis m\u00ednims presencials dels Serveis Socials B\u00e0sics est\u00e0 centralitzada a la seu del Consell Comarcal. Es pot contactar per correu electr\u00f2nic: <a href=\"mailto:ssocials@altemporda.cat\">ssocials@altemporda.cat<\/a> i telef\u00f2nicament a trav\u00e9s dels seg\u00fcents n\u00fameros 972.67.70.50 o 972.52.20.00, en horari d\u2019atenci\u00f3 al p\u00fablic de 9 a 14h.<\/p>\n<\/li>\n<li>\n<p align=\"JUSTIFY\">En situacions d\u2019urg\u00e8ncia f\u00f3ra de l\u2019horari d\u2019atenci\u00f3, cal contactar amb la Ger\u00e8ncia i\/o la Presid\u00e8ncia del Consell Comarcal i aquest activar\u00e0 les actuacions que siguin necess\u00e0ries.<\/p>\n<\/li>\n<li>\n<p align=\"JUSTIFY\">Els equips b\u00e0sics de Serveis Socials de l\u2019Alt Empord\u00e0 estan realitzant teletreball des dels seus domicilis fent seguiment telef\u00f2nic proactiu de totes les persones usu\u00e0ries dels serveis en situacions de vulnerabilitat i fragilitat.<\/p>\n<\/li>\n<li>\n<p align=\"JUSTIFY\">L\u2019\u00e0rea de Benestar mant\u00e9 oberta la l\u00ednia d\u2019ajuts d\u2019urg\u00e8ncia per a la cobertura de necessitats b\u00e0siques.<\/p>\n<\/li>\n<li>\n<p align=\"JUSTIFY\">Es mant\u00e9 actiu el Servei d\u2019acompanyament especialitzat en situacions de viol\u00e8ncia masclista que presta una resposta immediata per a les dones i els seus fills\/es en situacions de crisi. El\u00a0tel\u00e8fon\u00a0d&#8217;atenci\u00f3 permanent contra la viol\u00e8ncia masclista: 900 900 120.<\/p>\n<\/li>\n<li>\n<p align=\"JUSTIFY\">Es mant\u00e9 actiu l\u2019Equip d\u2019Atenci\u00f3 a la Inf\u00e0ncia i Adolesc\u00e8ncia en alt risc social.<\/p>\n<\/li>\n<li>\n<p align=\"JUSTIFY\">Es mant\u00e9 actiu el Servei de primera acollida a persones estrangeres.<\/p>\n<\/li>\n<li>\n<p align=\"JUSTIFY\">A data d\u2019avui el Servei d\u2019Atenci\u00f3 a Domicili i Servei de Teleassist\u00e8ncia s\u2019est\u00e0 realitzant amb normalitat.<\/p>\n<\/li>\n<li>\n<p align=\"JUSTIFY\">Com a novetat, a partir d\u2019avui es posa a disposici\u00f3 de les persones en situaci\u00f3 m\u00e9s vulnerable un servei de suport psicol\u00f2gic telef\u00f2nic, per atendre aquelles persones que per la situaci\u00f3 actual, necessitin acompanyament psicol\u00f2gic\/emocional per situacions d\u2019estres, soledat, a\u00efllament o angoixa produ\u00efdes per l\u2019excepcionalitat del moment.<\/p>\n<\/li>\n<\/ul>\n<p align=\"JUSTIFY\">Si es detecta alguna situaci\u00f3 de necessitat o vulnerabilitat social, o hi ha dubtes sobre actuar i atendre, s&#8217;han d&#8217;utilitzar els canals esmentats, que activaran els recursos necessaris per atendre les situacions detectades.<\/p>\n<p align=\"JUSTIFY\">Us recomanem seguir l\u2019actualitat sobre les mesures preses en relaci\u00f3 a la crisi sanit\u00e0ria a trav\u00e9s del web <a href=\"https:\/\/web.gencat.cat\/ca\/coronavirus\">https:\/\/web.gencat.cat\/ca\/coronavirus<\/a><\/p>\n","protected":false},"excerpt":{"rendered":"<p>Davant la declaraci\u00f3 de l\u2019estat d\u2019alarma per la gesti\u00f3 de la situaci\u00f3 de crisi sanit\u00e0ria ocasionada pel COVID-19, l\u2019\u00e0rea de Benestar social del Consell Comarcal de l\u2019Alt Empord\u00e0 facilita informaci\u00f3 per contactar amb els Serveis Socials B\u00e0sics.<\/p>\n","protected":false},"author":2,"featured_media":7552,"comment_status":"closed","ping_status":"closed","sticky":false,"template":"","format":"standard","meta":{"footnotes":""},"categories":[106,100,107,101,126,105,104,103,1,108,13,12,102,111,115,11],"tags":[],"class_list":["post-7551","post","type-post","status-publish","format-standard","has-post-thumbnail","hentry","category-administracions","category-area-benestar","category-centres-recerca-universitats","category-ciutadania","category-covid-19","category-empreses","category-entitats-socials","category-estudiants-escoles-instituts","category-general","category-mitjans-comunicacio","category-observatori-inclusio-social-alt-emporda","category-pla-dinclusio-2","category-professionals-ambit-social","category-projectes-internacionals","category-projectes-transfronterers","category-taula-inclusio","category-106","category-100","category-107","category-101","category-126","category-105","category-104","category-103","category-1","category-108","category-13","category-12","category-102","category-111","category-115","category-11","description-off"],"_links":{"self":[{"href":"https:\/\/inclusioaltemporda.cat\/portal\/wp-json\/wp\/v2\/posts\/7551","targetHints":{"allow":["GET"]}}],"collection":[{"href":"https:\/\/inclusioaltemporda.cat\/portal\/wp-json\/wp\/v2\/posts"}],"about":[{"href":"https:\/\/inclusioaltemporda.cat\/portal\/wp-json\/wp\/v2\/types\/post"}],"author":[{"embeddable":true,"href":"https:\/\/inclusioaltemporda.cat\/portal\/wp-json\/wp\/v2\/users\/2"}],"replies":[{"embeddable":true,"href":"https:\/\/inclusioaltemporda.cat\/portal\/wp-json\/wp\/v2\/comments?post=7551"}],"version-history":[{"count":3,"href":"https:\/\/inclusioaltemporda.cat\/portal\/wp-json\/wp\/v2\/posts\/7551\/revisions"}],"predecessor-version":[{"id":7556,"href":"https:\/\/inclusioaltemporda.cat\/portal\/wp-json\/wp\/v2\/posts\/7551\/revisions\/7556"}],"wp:featuredmedia":[{"embeddable":true,"href":"https:\/\/inclusioaltemporda.cat\/portal\/wp-json\/wp\/v2\/media\/7552"}],"wp:attachment":[{"href":"https:\/\/inclusioaltemporda.cat\/portal\/wp-json\/wp\/v2\/media?parent=7551"}],"wp:term":[{"taxonomy":"category","embeddable":true,"href":"https:\/\/inclusioaltemporda.cat\/portal\/wp-json\/wp\/v2\/categories?post=7551"},{"taxonomy":"post_tag","embeddable":true,"href":"https:\/\/inclusioaltemporda.cat\/portal\/wp-json\/wp\/v2\/tags?post=7551"}],"curies":[{"name":"wp","href":"https:\/\/api.w.org\/{rel}","templated":true}]}}