{"id":7558,"date":"2020-03-27T13:38:50","date_gmt":"2020-03-27T12:38:50","guid":{"rendered":"https:\/\/inclusioaltemporda.cat\/portal\/?p=7558"},"modified":"2020-03-30T13:07:03","modified_gmt":"2020-03-30T12:07:03","slug":"com-contactar-els-serveis-dacompanyament-a-situacions-de-violencia-masclista-en-periode-estat-dalarma-per-covid-19","status":"publish","type":"post","link":"https:\/\/inclusioaltemporda.cat\/portal\/com-contactar-els-serveis-dacompanyament-a-situacions-de-violencia-masclista-en-periode-estat-dalarma-per-covid-19\/","title":{"rendered":"Com contactar els Serveis d&#8217;acompanyament a situacions de viol\u00e8ncia masclista en per\u00edode estat d\u2019alarma pel COVID-19"},"content":{"rendered":"<p>El Servei d&#8217;Informaci\u00f3 i Atenci\u00f3 a les Dones del Consell Comarcal de l&#8217;Alt Empord\u00e0 (SIAD Alt Empord\u00e0) continua treballant per atendre les demandes de les dones, especialment aquelles que pateixen viol\u00e8ncia masclista. Si voleu fer alguna consulta,\u00a0sol\u00b7licitar assessorament\u00a0o informar sobre una\u00a0situaci\u00f3 de viol\u00e8ncia podeu fer-ho a trav\u00e9s del nostre\u00a0correu electr\u00f2nic: <a href=\"mailto:siad@altemporda.cat\">siad@altemporda.cat<\/a> o a trav\u00e9s del tel\u00e8fon d\u2019atenci\u00f3 a la ciutadania de l&#8217;\u00c0rea de Benestar del Consell Comarcal de l&#8217;Alt Empord\u00e0: 972.522.000, en horari d\u2019atenci\u00f3 al p\u00fablic de 9 a 14h.<\/p>\n<p>La declaraci\u00f3 d&#8217;estat d&#8217;alarma per la gesti\u00f3 de la crisi sanit\u00e0ria ocasionada pel COVID-19 ha provocat que moltes dones i els seus fills es vegin obligades a conviure les 24 hores amb el maltractador. Aquesta conviv\u00e8ncia permanent i for\u00e7osa, sumada a la redu\u00efda o nul\u00b7la a mobilitat pot afavorir les situacions de viol\u00e8ncia o conflictivitat.<\/p>\n<p>Arran d&#8217;aquesta situaci\u00f3, l&#8217;<a href=\"http:\/\/dones.gencat.cat\/ca\/inici\" target=\"_blank\" rel=\"noopener\">Institut Catal\u00e0 de les Dones (ICD)<\/a> ha impulsat diferents mesures per refor\u00e7ar l&#8217;atenci\u00f3 de les dones que pateixen viol\u00e8ncia\u00a0masclista:<\/p>\n<p>&#8211; S&#8217;ha refor\u00e7at el servei telef\u00f2nic d&#8217;atenci\u00f3 permanent contra la viol\u00e8ncia masclista:900.900.120. Aquest servei presta una atenci\u00f3 telef\u00f2nica gratu\u00eftaa les dones les 24 hores del dia, sent una de les portes d&#8217;entrada a la xarxa de recursos per atendre les situacions de viol\u00e8ncia masclista.\u00a0Aquest servei tamb\u00e9 at\u00e9n a trav\u00e9s del correu electr\u00f2nic <a href=\"mailto:900900120@gencat.cat\">900900120@gencat.cat<\/a> i de la l\u00ednea de whatsapp del n\u00famero\u00a0671778540\u200b.<\/p>\n<p>&#8211; S&#8217;ha engegat la campanya &#8220;Establiment segur contra la viol\u00e8ncia masclista&#8221;. Aquesta iniciativa es concreta en posar\u00a0en un lloc visible dels comer\u00e7os un cartell\u00a0amb el missatge seg\u00fcent: &#8220;Establiment segur contra la viol\u00e8ncia masclista&#8221;.\u00a0&#8220;Si aquests dies de confinament sents que casa teva deixa de ser un espai segur per a tu o els teus fills\u00a0i filles, aqu\u00ed truquem per tu al 900 900 120 o al 112. #NoEst\u00e0sSola #JoActuo&#8221;.<\/p>\n","protected":false},"excerpt":{"rendered":"<p>El SIAD Alt Empord\u00e0 continua treballant per atendre les demandes de les dones, especialment aquelles que pateixen viol\u00e8ncia masclista durant l\u2019estat d\u2019alarma pel COVID-19<\/p>\n","protected":false},"author":2,"featured_media":2041,"comment_status":"closed","ping_status":"closed","sticky":false,"template":"","format":"standard","meta":{"footnotes":""},"categories":[106,100,107,101,126,105,104,103,1,108,102],"tags":[],"class_list":["post-7558","post","type-post","status-publish","format-standard","has-post-thumbnail","hentry","category-administracions","category-area-benestar","category-centres-recerca-universitats","category-ciutadania","category-covid-19","category-empreses","category-entitats-socials","category-estudiants-escoles-instituts","category-general","category-mitjans-comunicacio","category-professionals-ambit-social","category-106","category-100","category-107","category-101","category-126","category-105","category-104","category-103","category-1","category-108","category-102","description-off"],"_links":{"self":[{"href":"https:\/\/inclusioaltemporda.cat\/portal\/wp-json\/wp\/v2\/posts\/7558","targetHints":{"allow":["GET"]}}],"collection":[{"href":"https:\/\/inclusioaltemporda.cat\/portal\/wp-json\/wp\/v2\/posts"}],"about":[{"href":"https:\/\/inclusioaltemporda.cat\/portal\/wp-json\/wp\/v2\/types\/post"}],"author":[{"embeddable":true,"href":"https:\/\/inclusioaltemporda.cat\/portal\/wp-json\/wp\/v2\/users\/2"}],"replies":[{"embeddable":true,"href":"https:\/\/inclusioaltemporda.cat\/portal\/wp-json\/wp\/v2\/comments?post=7558"}],"version-history":[{"count":4,"href":"https:\/\/inclusioaltemporda.cat\/portal\/wp-json\/wp\/v2\/posts\/7558\/revisions"}],"predecessor-version":[{"id":7562,"href":"https:\/\/inclusioaltemporda.cat\/portal\/wp-json\/wp\/v2\/posts\/7558\/revisions\/7562"}],"wp:featuredmedia":[{"embeddable":true,"href":"https:\/\/inclusioaltemporda.cat\/portal\/wp-json\/wp\/v2\/media\/2041"}],"wp:attachment":[{"href":"https:\/\/inclusioaltemporda.cat\/portal\/wp-json\/wp\/v2\/media?parent=7558"}],"wp:term":[{"taxonomy":"category","embeddable":true,"href":"https:\/\/inclusioaltemporda.cat\/portal\/wp-json\/wp\/v2\/categories?post=7558"},{"taxonomy":"post_tag","embeddable":true,"href":"https:\/\/inclusioaltemporda.cat\/portal\/wp-json\/wp\/v2\/tags?post=7558"}],"curies":[{"name":"wp","href":"https:\/\/api.w.org\/{rel}","templated":true}]}}