{"id":7563,"date":"2020-03-30T12:05:57","date_gmt":"2020-03-30T11:05:57","guid":{"rendered":"https:\/\/inclusioaltemporda.cat\/portal\/?p=7563"},"modified":"2020-03-30T12:13:07","modified_gmt":"2020-03-30T11:13:07","slug":"larea-de-benestar-reforca-la-distribucio-de-material-de-prevencio-per-al-covid-19-a-la-comarca","status":"publish","type":"post","link":"https:\/\/inclusioaltemporda.cat\/portal\/larea-de-benestar-reforca-la-distribucio-de-material-de-prevencio-per-al-covid-19-a-la-comarca\/","title":{"rendered":"L&#8217;\u00e0rea de Benestar refor\u00e7a la distribuci\u00f3 de material de prevenci\u00f3 per al COVID-19 a la comarca"},"content":{"rendered":"<p>L&#8217;\u00e0rea de Benestar ha posat en marxa des de divendres passat un dispositiu per\u00a0 refor\u00e7ar la distribuci\u00f3 de material de prevenci\u00f3 del COVID-19 a la comarca.<\/p>\n<p>Aquest material,\u00a0 2.000 mascaretes, 4.000 guants i\u00a0240 unitats gel hidroalcoh\u00f2lic, s&#8217;est\u00e0 fent arribar a les resid\u00e8ncies de persones grans de Figueres i comarca, a la Fundaci\u00f3 Altem i al Centre Sociosanitari de Terrades. La previsi\u00f3 \u00e9s que dem\u00e0 31 de mar\u00e7 estigui tot el material distribu\u00eft.<\/p>\n<p>Aquest material ha estat facilitat per Dipsalut (mascaretes),\u00a0els supermercats Escudero (guants) i la Plataforma Empresarial Empord\u00e0 (gel hidroalcoh\u00f2lic), que l&#8217;han fet arribar al Consell Comarcal de l&#8217;Alt Empord\u00e0.<\/p>\n<p>Aquesta tramesa complementa i refor\u00e7a la distribuci\u00f3\u00a0de material que fa el\u00a0 Departament de Treball, Afers Socials i Fam\u00edlies de la Generalitat.<\/p>\n","protected":false},"excerpt":{"rendered":"<p>L&#8217;\u00e0rea de Benestar ha posat en marxa un dispositiu per\u00a0 refor\u00e7ar la distribuci\u00f3 de material de prevenci\u00f3 del COVID-19 a la comarca.<\/p>\n","protected":false},"author":2,"featured_media":7564,"comment_status":"closed","ping_status":"closed","sticky":false,"template":"","format":"standard","meta":{"footnotes":""},"categories":[106,100,101,126,105,104,103,1,108,102],"tags":[],"class_list":["post-7563","post","type-post","status-publish","format-standard","has-post-thumbnail","hentry","category-administracions","category-area-benestar","category-ciutadania","category-covid-19","category-empreses","category-entitats-socials","category-estudiants-escoles-instituts","category-general","category-mitjans-comunicacio","category-professionals-ambit-social","category-106","category-100","category-101","category-126","category-105","category-104","category-103","category-1","category-108","category-102","description-off"],"_links":{"self":[{"href":"https:\/\/inclusioaltemporda.cat\/portal\/wp-json\/wp\/v2\/posts\/7563","targetHints":{"allow":["GET"]}}],"collection":[{"href":"https:\/\/inclusioaltemporda.cat\/portal\/wp-json\/wp\/v2\/posts"}],"about":[{"href":"https:\/\/inclusioaltemporda.cat\/portal\/wp-json\/wp\/v2\/types\/post"}],"author":[{"embeddable":true,"href":"https:\/\/inclusioaltemporda.cat\/portal\/wp-json\/wp\/v2\/users\/2"}],"replies":[{"embeddable":true,"href":"https:\/\/inclusioaltemporda.cat\/portal\/wp-json\/wp\/v2\/comments?post=7563"}],"version-history":[{"count":5,"href":"https:\/\/inclusioaltemporda.cat\/portal\/wp-json\/wp\/v2\/posts\/7563\/revisions"}],"predecessor-version":[{"id":7569,"href":"https:\/\/inclusioaltemporda.cat\/portal\/wp-json\/wp\/v2\/posts\/7563\/revisions\/7569"}],"wp:featuredmedia":[{"embeddable":true,"href":"https:\/\/inclusioaltemporda.cat\/portal\/wp-json\/wp\/v2\/media\/7564"}],"wp:attachment":[{"href":"https:\/\/inclusioaltemporda.cat\/portal\/wp-json\/wp\/v2\/media?parent=7563"}],"wp:term":[{"taxonomy":"category","embeddable":true,"href":"https:\/\/inclusioaltemporda.cat\/portal\/wp-json\/wp\/v2\/categories?post=7563"},{"taxonomy":"post_tag","embeddable":true,"href":"https:\/\/inclusioaltemporda.cat\/portal\/wp-json\/wp\/v2\/tags?post=7563"}],"curies":[{"name":"wp","href":"https:\/\/api.w.org\/{rel}","templated":true}]}}