{"id":7589,"date":"2020-03-31T10:46:46","date_gmt":"2020-03-31T09:46:46","guid":{"rendered":"https:\/\/inclusioaltemporda.cat\/portal\/?p=7589"},"modified":"2020-03-31T10:46:46","modified_gmt":"2020-03-31T09:46:46","slug":"material-informatiu-sobre-el-covid-19-en-diferents-llengues","status":"publish","type":"post","link":"https:\/\/inclusioaltemporda.cat\/portal\/material-informatiu-sobre-el-covid-19-en-diferents-llengues\/","title":{"rendered":"Material informatiu sobre el COVID-19 en diferents lleng\u00fces"},"content":{"rendered":"<p>L&#8217;Organitzaci\u00f3 Internacional de les Migracions posa a disposici\u00f3 de les administracions p\u00fabliques, les entitats i la ciutadania un material informatiu sobre el Covid-19 amb recomanacions b\u00e0siques de salut per a la poblaci\u00f3 d&#8217;origen estranger.<\/p>\n<p>Aquest material s&#8217;ha tradu\u00eft a les lleng\u00fces seg\u00fcents:\u00a0amaric, \u00e0rab, bambara, bengal\u00ed, xin\u00e8s, edo, angl\u00e8s, esan-ishan, franc\u00e8s, fula, hausa, igbo, itali\u00e0, kurd-sorani, mandinka, pashto, pidgin, roman\u00e8s, rus, somal\u00ed, soninke, castell\u00e0, tigrinya, urdu, wolof i ioruba.<\/p>\n<p>Podeu descarregar i fer difusi\u00f3 d&#8217;aquest <a href=\"https:\/\/admin4all.eu\/news\/covid-19-information-leaflet-for-migrant-population\/\">material informatiu en aquest enlla\u00e7.<\/a><\/p>\n","protected":false},"excerpt":{"rendered":"<p>L&#8217;Organitzaci\u00f3 Internacional de les Migracions edita un material informatiu sobre el Covid-19 en diferents lleng\u00fces amb recomanacions b\u00e0siques de salut per a la poblaci\u00f3 d&#8217;origen estranger.<\/p>\n","protected":false},"author":2,"featured_media":7591,"comment_status":"closed","ping_status":"closed","sticky":false,"template":"","format":"standard","meta":{"footnotes":""},"categories":[100,107,101,126,105,104,103,1,108,12,102,111,115,11],"tags":[],"class_list":["post-7589","post","type-post","status-publish","format-standard","has-post-thumbnail","hentry","category-area-benestar","category-centres-recerca-universitats","category-ciutadania","category-covid-19","category-empreses","category-entitats-socials","category-estudiants-escoles-instituts","category-general","category-mitjans-comunicacio","category-pla-dinclusio-2","category-professionals-ambit-social","category-projectes-internacionals","category-projectes-transfronterers","category-taula-inclusio","category-100","category-107","category-101","category-126","category-105","category-104","category-103","category-1","category-108","category-12","category-102","category-111","category-115","category-11","description-off"],"_links":{"self":[{"href":"https:\/\/inclusioaltemporda.cat\/portal\/wp-json\/wp\/v2\/posts\/7589","targetHints":{"allow":["GET"]}}],"collection":[{"href":"https:\/\/inclusioaltemporda.cat\/portal\/wp-json\/wp\/v2\/posts"}],"about":[{"href":"https:\/\/inclusioaltemporda.cat\/portal\/wp-json\/wp\/v2\/types\/post"}],"author":[{"embeddable":true,"href":"https:\/\/inclusioaltemporda.cat\/portal\/wp-json\/wp\/v2\/users\/2"}],"replies":[{"embeddable":true,"href":"https:\/\/inclusioaltemporda.cat\/portal\/wp-json\/wp\/v2\/comments?post=7589"}],"version-history":[{"count":1,"href":"https:\/\/inclusioaltemporda.cat\/portal\/wp-json\/wp\/v2\/posts\/7589\/revisions"}],"predecessor-version":[{"id":7590,"href":"https:\/\/inclusioaltemporda.cat\/portal\/wp-json\/wp\/v2\/posts\/7589\/revisions\/7590"}],"wp:featuredmedia":[{"embeddable":true,"href":"https:\/\/inclusioaltemporda.cat\/portal\/wp-json\/wp\/v2\/media\/7591"}],"wp:attachment":[{"href":"https:\/\/inclusioaltemporda.cat\/portal\/wp-json\/wp\/v2\/media?parent=7589"}],"wp:term":[{"taxonomy":"category","embeddable":true,"href":"https:\/\/inclusioaltemporda.cat\/portal\/wp-json\/wp\/v2\/categories?post=7589"},{"taxonomy":"post_tag","embeddable":true,"href":"https:\/\/inclusioaltemporda.cat\/portal\/wp-json\/wp\/v2\/tags?post=7589"}],"curies":[{"name":"wp","href":"https:\/\/api.w.org\/{rel}","templated":true}]}}