{"id":7593,"date":"2020-03-31T11:55:35","date_gmt":"2020-03-31T10:55:35","guid":{"rendered":"https:\/\/inclusioaltemporda.cat\/portal\/?p=7593"},"modified":"2020-03-31T11:56:36","modified_gmt":"2020-03-31T10:56:36","slug":"servei-datencio-psicologica-per-telefon-per-a-les-persones-en-situacio-mes-vulnerable-covid-19","status":"publish","type":"post","link":"https:\/\/inclusioaltemporda.cat\/portal\/servei-datencio-psicologica-per-telefon-per-a-les-persones-en-situacio-mes-vulnerable-covid-19\/","title":{"rendered":"Servei d\u2019atenci\u00f3 psicol\u00f2gica per tel\u00e8fon per a les persones en situaci\u00f3 m\u00e9s vulnerable COVID-19"},"content":{"rendered":"<p>L\u2019\u00c0rea de Benestar\u00a0del Consell Comarcal ha activat un Servei d\u2019atenci\u00f3 psicol\u00f2gica per tel\u00e8fon per a les persones en situaci\u00f3\u00a0 m\u00e9s\u00a0vulnerable que necessitin un acompanyament psicol\u00f2gic\/emocional que els permeti \u00a0alleugerir l\u2019estr\u00e9s, la soledat o a\u00efllament que pot provocar la situaci\u00f3 de confinament i excepcionalitat causada per la pand\u00e8mia del COVID-19.<\/p>\n<ul>\n<li><strong>Si la situaci\u00f3 actual et genera angoixa, malestar<\/strong>, si tens dificultats en la relaci\u00f3 de cura amb un familiar amb depend\u00e8ncia, si la conviv\u00e8ncia se\u2019t \u00a0fa dif\u00edcil, si tens un familiar malalt pel COVID-19, truca\u2019ns i ens posarem en contacte amb tu.<\/li>\n<li><strong>Si ets un professional de l\u2019\u00e0mbit social o de la salut o ets un electe local<\/strong> i coneixes alguna persona o fam\u00edlia que necessiti aquest servei, \u00a0posa\u2019t en contacte amb nosaltres.<\/li>\n<\/ul>\n<h4><strong><span style=\"color: #ff0000;\">Tel\u00e8fon d\u2019atenci\u00f3 psicol\u00f3gica de l\u2019\u00c0rea de Benestar : 659 683 070 <\/span><\/strong><\/h4>\n<h4><strong><span style=\"color: #ff0000;\">Contacte per correu electr\u00f2nic: ssocials@altemporda.cat<\/span><\/strong><\/h4>\n","protected":false},"excerpt":{"rendered":"<p>L&#8217;\u00c0rea de Benestar activa un Servei d\u2019atenci\u00f3 psicol\u00f2gica per tel\u00e8fon per a les persones en situaci\u00f3\u00a0 m\u00e9s\u00a0vulnerable que necessitin acompanyament psicol\u00f2gic a causa de la situaci\u00f3 d&#8217;excepcionalitat creada pel COVID-19<\/p>\n","protected":false},"author":2,"featured_media":7594,"comment_status":"closed","ping_status":"closed","sticky":false,"template":"","format":"standard","meta":{"footnotes":""},"categories":[106,100,107,101,126,105,104,103,1,108,102,11],"tags":[],"class_list":["post-7593","post","type-post","status-publish","format-standard","has-post-thumbnail","hentry","category-administracions","category-area-benestar","category-centres-recerca-universitats","category-ciutadania","category-covid-19","category-empreses","category-entitats-socials","category-estudiants-escoles-instituts","category-general","category-mitjans-comunicacio","category-professionals-ambit-social","category-taula-inclusio","category-106","category-100","category-107","category-101","category-126","category-105","category-104","category-103","category-1","category-108","category-102","category-11","description-off"],"_links":{"self":[{"href":"https:\/\/inclusioaltemporda.cat\/portal\/wp-json\/wp\/v2\/posts\/7593","targetHints":{"allow":["GET"]}}],"collection":[{"href":"https:\/\/inclusioaltemporda.cat\/portal\/wp-json\/wp\/v2\/posts"}],"about":[{"href":"https:\/\/inclusioaltemporda.cat\/portal\/wp-json\/wp\/v2\/types\/post"}],"author":[{"embeddable":true,"href":"https:\/\/inclusioaltemporda.cat\/portal\/wp-json\/wp\/v2\/users\/2"}],"replies":[{"embeddable":true,"href":"https:\/\/inclusioaltemporda.cat\/portal\/wp-json\/wp\/v2\/comments?post=7593"}],"version-history":[{"count":7,"href":"https:\/\/inclusioaltemporda.cat\/portal\/wp-json\/wp\/v2\/posts\/7593\/revisions"}],"predecessor-version":[{"id":7601,"href":"https:\/\/inclusioaltemporda.cat\/portal\/wp-json\/wp\/v2\/posts\/7593\/revisions\/7601"}],"wp:featuredmedia":[{"embeddable":true,"href":"https:\/\/inclusioaltemporda.cat\/portal\/wp-json\/wp\/v2\/media\/7594"}],"wp:attachment":[{"href":"https:\/\/inclusioaltemporda.cat\/portal\/wp-json\/wp\/v2\/media?parent=7593"}],"wp:term":[{"taxonomy":"category","embeddable":true,"href":"https:\/\/inclusioaltemporda.cat\/portal\/wp-json\/wp\/v2\/categories?post=7593"},{"taxonomy":"post_tag","embeddable":true,"href":"https:\/\/inclusioaltemporda.cat\/portal\/wp-json\/wp\/v2\/tags?post=7593"}],"curies":[{"name":"wp","href":"https:\/\/api.w.org\/{rel}","templated":true}]}}