{"id":7685,"date":"2020-05-19T16:04:24","date_gmt":"2020-05-19T15:04:24","guid":{"rendered":"https:\/\/inclusioaltemporda.cat\/portal\/?p=7685"},"modified":"2020-05-19T16:09:14","modified_gmt":"2020-05-19T15:09:14","slug":"mapa-daccions-solidaries-de-lalt-emporda-activades-per-crisi-covid-19","status":"publish","type":"post","link":"https:\/\/inclusioaltemporda.cat\/portal\/mapa-daccions-solidaries-de-lalt-emporda-activades-per-crisi-covid-19\/","title":{"rendered":"Mapa d&#8217;accions solid\u00e0ries de l&#8217;Alt Empord\u00e0 activades per la crisi COVID-19"},"content":{"rendered":"<p>L\u2019Equip d\u2019Inclusi\u00f3 i Atenci\u00f3 a la Comunitat ha elaborat un mapa amb les accions solid\u00e0ries que han sorgit als municipis de la comarca\u00a0 davant la situaci\u00f3 d\u2019emerg\u00e8ncia provocada per la COVID-19.<\/p>\n<p>En total s\u2019han identificat m\u00e9s de 180 iniciatives arreu de l\u2019Alt Empord\u00e0, impulsades per diferents agents: ajuntaments, entitats, ciutadania i consell comarcal. Les accions s\u00f3n diverses i les podeu cercar per diferents categories per\u00f2 totes elles tenen un objectiu compartit: facilitar la cura dels ve\u00efns i ve\u00efnes i garantir el seu benestar.<\/p>\n<p>Podeu accedir al <a href=\"https:\/\/inclusioaltemporda.cat\/portal\/mapa-daccions-solidaries-pel-covid-19-a-lalt-emporda\/\">Mapa d&#8217;accions solid\u00e0ries de l&#8217;Alt Empord\u00e0 mitjan\u00e7ant aquest enlla\u00e7<\/a>.<\/p>\n<p>Si coneixeu accions que no han quedat recollides al mapa o voleu actualitzar-ne alguna de ja existent, podeu enviar un correu a inclusio@altemporda.cat i les incorporarem.<\/p>\n<p>Aquest mapa forma part del projecte Solivid\u200b, impulsat per l\u2019Intitut de Govern i Pol\u00edtiques P\u00fabliques-UAB, l\u2019Institut d&#8217;Estudis Regionals i Metropolitans de Barcelona i el grup de recerca Energia, territori i societat de la UAB, mitjan\u00e7ant el qual s&#8217;han posat en relaci\u00f3 observatoris i equips de recerca, entitats i persones d\u2019arreu del m\u00f3n per crear un mapa col\u00b7laboratiu i un banc de recursos on-line sobre les iniciatives solid\u00e0ries davant la crisi de la COVID-19. <a href=\"https:\/\/www.solivid.org\/\">Podeu accedir al projecte Solivid mitjan\u00e7ant aquest enlla\u00e7<\/a>.<\/p>\n","protected":false},"excerpt":{"rendered":"<p>L\u2019Equip d\u2019Inclusi\u00f3 i Atenci\u00f3 a la Comunitat ha elaborat un mapa amb les accions solid\u00e0ries que han sorgit als municipis de la comarca\u00a0 davant la situaci\u00f3 d\u2019emerg\u00e8ncia provocada per la COVID-19.<\/p>\n","protected":false},"author":2,"featured_media":7666,"comment_status":"closed","ping_status":"closed","sticky":false,"template":"","format":"standard","meta":{"footnotes":""},"categories":[106,100,107,101,126,104,103,1,108,13,102,11],"tags":[],"class_list":["post-7685","post","type-post","status-publish","format-standard","has-post-thumbnail","hentry","category-administracions","category-area-benestar","category-centres-recerca-universitats","category-ciutadania","category-covid-19","category-entitats-socials","category-estudiants-escoles-instituts","category-general","category-mitjans-comunicacio","category-observatori-inclusio-social-alt-emporda","category-professionals-ambit-social","category-taula-inclusio","category-106","category-100","category-107","category-101","category-126","category-104","category-103","category-1","category-108","category-13","category-102","category-11","description-off"],"_links":{"self":[{"href":"https:\/\/inclusioaltemporda.cat\/portal\/wp-json\/wp\/v2\/posts\/7685","targetHints":{"allow":["GET"]}}],"collection":[{"href":"https:\/\/inclusioaltemporda.cat\/portal\/wp-json\/wp\/v2\/posts"}],"about":[{"href":"https:\/\/inclusioaltemporda.cat\/portal\/wp-json\/wp\/v2\/types\/post"}],"author":[{"embeddable":true,"href":"https:\/\/inclusioaltemporda.cat\/portal\/wp-json\/wp\/v2\/users\/2"}],"replies":[{"embeddable":true,"href":"https:\/\/inclusioaltemporda.cat\/portal\/wp-json\/wp\/v2\/comments?post=7685"}],"version-history":[{"count":5,"href":"https:\/\/inclusioaltemporda.cat\/portal\/wp-json\/wp\/v2\/posts\/7685\/revisions"}],"predecessor-version":[{"id":7705,"href":"https:\/\/inclusioaltemporda.cat\/portal\/wp-json\/wp\/v2\/posts\/7685\/revisions\/7705"}],"wp:featuredmedia":[{"embeddable":true,"href":"https:\/\/inclusioaltemporda.cat\/portal\/wp-json\/wp\/v2\/media\/7666"}],"wp:attachment":[{"href":"https:\/\/inclusioaltemporda.cat\/portal\/wp-json\/wp\/v2\/media?parent=7685"}],"wp:term":[{"taxonomy":"category","embeddable":true,"href":"https:\/\/inclusioaltemporda.cat\/portal\/wp-json\/wp\/v2\/categories?post=7685"},{"taxonomy":"post_tag","embeddable":true,"href":"https:\/\/inclusioaltemporda.cat\/portal\/wp-json\/wp\/v2\/tags?post=7685"}],"curies":[{"name":"wp","href":"https:\/\/api.w.org\/{rel}","templated":true}]}}