{"id":7691,"date":"2020-05-22T09:00:52","date_gmt":"2020-05-22T08:00:52","guid":{"rendered":"https:\/\/inclusioaltemporda.cat\/portal\/?p=7691"},"modified":"2020-05-21T09:44:04","modified_gmt":"2020-05-21T08:44:04","slug":"7691-2","status":"publish","type":"post","link":"https:\/\/inclusioaltemporda.cat\/portal\/7691-2\/","title":{"rendered":"Taller en l\u00ednia per promoure els bons usos de les pantalles"},"content":{"rendered":"<p>El Servei d&#8217;Intervenci\u00f3 Socioeducativa del Consell Comarcal \u00e9s coimpulsor, amb el Servei Educatiu de l&#8217;Alt Empord\u00e0, el programa: Enganxa\u2019t a la Prevenci\u00f3 de Conductes Addictives que durant el per\u00edode de confinament s&#8217;ha centrat en l&#8217;\u00fas dels dispositius electr\u00f2nics.<\/p>\n<p>Per completar la tasca divulgativa que s&#8217;ha portat a terme, han organitzat un taller en l\u00ednia per a mares i pares per promoure els bons usos i prevenir els riscos de les pantalles. La sessi\u00f3 es realitzar\u00e0 el 28 de maig a les cinc de la tarda. Per participar de l&#8217;esdeveniment \u00e9s necessari inscriure&#8217;s al correu electr\u00f2nic <a href=\"mailto:sod.ccae@gmail.com\">sod.ccae@gmail.com<\/a> o b\u00e9 a l&#8217;enlla\u00e7 <a href=\"https:\/\/forms.gle\/yymHhy53ruBdq33r8\">https:\/\/forms.gle\/yymHhy53ruBdq33r8<\/a> fins al dia 26.<\/p>\n<p>&nbsp;<\/p>\n<p><strong><em>Programa de prevenci\u00f3<\/em><\/strong><\/p>\n<p>&nbsp;<\/p>\n<p>La col\u00b7laboraci\u00f3 entre el Programa de Prevenci\u00f3 de Conductes Addictives de l&#8217;\u00c0rea de Benestar del Consell Comarcal i el Servei Educatiu de l&#8217;Alt Empord\u00e0, va n\u00e9ixer el curs escolar 2018-2019, proposant una formaci\u00f3 adre\u00e7ada al professorat dels centres educatius de secund\u00e0ria de l&#8217;Alt Empord\u00e0 que els permet\u00e9s aprofundir en el coneixement sobre les conductes addictives, les estrat\u00e8gies d&#8217;abordatge educatiu tant per alumnat com per a fam\u00edlies, i se&#8217;ls convida a designar un &#8220;referent en conductes addictives&#8221; per cada un dels centres de secund\u00e0ria de la nostra comarca, que participa activament en aquesta formaci\u00f3, que ha tingut continu\u00eftat tamb\u00e9 durant aquest curs escolar 2019-2020.<\/p>\n<p>Les accions que ha desplegat el programa durant el confinament s&#8217;han desenvolupat durant un total de sis setmanes (des del 20 abril fins al 29 de maig), on a trav\u00e9s dels centres educatius de prim\u00e0ria i secund\u00e0ria (65 centres d&#8217;educaci\u00f3 prim\u00e0ria, 14 instituts i 4 centres privats concertats que ofereixen educaci\u00f3 prim\u00e0ria i secund\u00e0ria) de la comarca s&#8217;han facilitat a les fam\u00edlies un total de sis propostes d&#8217;infografia que han abordat les seg\u00fcents tem\u00e0tiques, amb continguts suggerents que acompanyaven aquests processos de reflexi\u00f3:<\/p>\n<p>\u2022 Pautes de comunicaci\u00f3 dins l&#8217;\u00e0mbit familiar sobre l&#8217;\u00fas de pantalles<br \/>\n\u2022 Normativa familiar i bons usos de les pantalles<br \/>\n\u2022 Supervisi\u00f3 i eines de control parental sobre l&#8217;\u00fas de pantalles<br \/>\n\u2022 Vinculaci\u00f3 positiva i modelatge familiar<br \/>\n\u2022 Riscos a la xarxa: ciberassetjament<br \/>\n\u2022 Fomentar l&#8217;autoestima dels fills\/es<\/p>\n<p>Les reflexions d&#8217;aquestes infografies versaven sobre pautes educatives que es poden aplicar des de la fam\u00edlia; pautes i propostes per millorar la comunicaci\u00f3 amb els fills i filles, aspectes sobre l&#8217;educaci\u00f3 en valors, sobre com posar normes i l\u00edmits i sobre com resoldre conflictes amb els fills i filles, entre d&#8217;altres. Cada infografia a m\u00e9s, incorpora un exercici per ajudar a posar en pr\u00e0ctica la proposta educativa del seu contingut.<\/p>\n<p>&nbsp;<\/p>\n<p><strong><em>Xerrada en l\u00ednia<\/em><\/strong><\/p>\n<p>&nbsp;<\/p>\n<p>Per completar el proc\u00e9s d&#8217;acompanyament educatiu i les reflexions generades a partir del plantejament de pautes educatives proposades per l&#8217;Enganxa&#8217;t, totes les fam\u00edlies que hi estiguin interessades poden participar en la xerrada en l\u00ednia sobre &#8220;Pantalles en Fam\u00edlia&#8221;, que tindr\u00e0 lloc el pr\u00f2xim dia 28 de maig a les 17 h de la tarda. Aquesta xerrada est\u00e0 pensada per promoure els bons usos i prevenir els riscos de l&#8217;\u00fas de les pantalles a cas, aportant noves estrat\u00e8gies i recursos educatius complementaris als oferts a trav\u00e9s de les infografies.<\/p>\n<p>La sessi\u00f3 anir\u00e0 a c\u00e0rrec d&#8217;Enric Marcos i Gerard Verg\u00e9s, psic\u00f2legs especialitzats en conductes addictives de l&#8217;entitat PDS, i tamb\u00e9 hi participaran Meritxell Pom\u00e9s coordinadora dels Serveis d&#8217;Intervenci\u00f3 Socioeducativa de l&#8217;\u00c0rea de Benestar del Consell Comarcal de l&#8217;Alt Empord\u00e0 i Josep M\u00aa Mora, coordinador del Servei Educatiu de l&#8217;Alt Empord\u00e0, creadors d&#8217;aquesta iniciativa.<\/p>\n","protected":false},"excerpt":{"rendered":"<p>El Servei d&#8217;Intervenci\u00f3 Socioeducativa del Consell Comarcal i el Servei Educatiu de l&#8217;Alt Empord\u00e0 organitza un taller en l\u00ednia per a mares i pares per promoure els bons usos i prevenir els riscos de les pantalles<\/p>\n","protected":false},"author":2,"featured_media":7699,"comment_status":"closed","ping_status":"closed","sticky":false,"template":"","format":"standard","meta":{"footnotes":""},"categories":[106,33,100,101,126,1,108],"tags":[],"class_list":["post-7691","post","type-post","status-publish","format-standard","has-post-thumbnail","hentry","category-administracions","category-agenda","category-area-benestar","category-ciutadania","category-covid-19","category-general","category-mitjans-comunicacio","category-106","category-33","category-100","category-101","category-126","category-1","category-108","description-off"],"_links":{"self":[{"href":"https:\/\/inclusioaltemporda.cat\/portal\/wp-json\/wp\/v2\/posts\/7691","targetHints":{"allow":["GET"]}}],"collection":[{"href":"https:\/\/inclusioaltemporda.cat\/portal\/wp-json\/wp\/v2\/posts"}],"about":[{"href":"https:\/\/inclusioaltemporda.cat\/portal\/wp-json\/wp\/v2\/types\/post"}],"author":[{"embeddable":true,"href":"https:\/\/inclusioaltemporda.cat\/portal\/wp-json\/wp\/v2\/users\/2"}],"replies":[{"embeddable":true,"href":"https:\/\/inclusioaltemporda.cat\/portal\/wp-json\/wp\/v2\/comments?post=7691"}],"version-history":[{"count":8,"href":"https:\/\/inclusioaltemporda.cat\/portal\/wp-json\/wp\/v2\/posts\/7691\/revisions"}],"predecessor-version":[{"id":7702,"href":"https:\/\/inclusioaltemporda.cat\/portal\/wp-json\/wp\/v2\/posts\/7691\/revisions\/7702"}],"wp:featuredmedia":[{"embeddable":true,"href":"https:\/\/inclusioaltemporda.cat\/portal\/wp-json\/wp\/v2\/media\/7699"}],"wp:attachment":[{"href":"https:\/\/inclusioaltemporda.cat\/portal\/wp-json\/wp\/v2\/media?parent=7691"}],"wp:term":[{"taxonomy":"category","embeddable":true,"href":"https:\/\/inclusioaltemporda.cat\/portal\/wp-json\/wp\/v2\/categories?post=7691"},{"taxonomy":"post_tag","embeddable":true,"href":"https:\/\/inclusioaltemporda.cat\/portal\/wp-json\/wp\/v2\/tags?post=7691"}],"curies":[{"name":"wp","href":"https:\/\/api.w.org\/{rel}","templated":true}]}}