{"id":7706,"date":"2020-06-25T13:44:50","date_gmt":"2020-06-25T12:44:50","guid":{"rendered":"https:\/\/inclusioaltemporda.cat\/portal\/?p=7706"},"modified":"2020-06-25T13:45:43","modified_gmt":"2020-06-25T12:45:43","slug":"salut-comunitaria-i-acollida-de-persones-dorigen-estranger","status":"publish","type":"post","link":"https:\/\/inclusioaltemporda.cat\/portal\/salut-comunitaria-i-acollida-de-persones-dorigen-estranger\/","title":{"rendered":"Salut comunit\u00e0ria i acollida de persones d&#8217;origen estranger"},"content":{"rendered":"<p>La setmana passada vam portar a terme una formaci\u00f3 en salut comunit\u00e0ria impartida pel Centre d&#8217;Estudis Africans i Interculturals al Cercle Sport de Figueres, en el marc del projecte Prospectsaso (Interreg Poctefa).<\/p>\n<p>Aquesta formaci\u00f3, adre\u00e7ada a professionals d&#8217;acollida i atenci\u00f3 a persones migrades amb les quals s&#8217;ha treballat en els darrers anys en el marc de diverses accions del projcte, havia estat\u00a0posposada a causa\u00a0de l&#8217;estat d&#8217;alarma provocat per la COVID-19.<\/p>\n<p>Les sessions de treball\u00a0han perm\u00e8s\u00a0con\u00e8ixer i aprendre d&#8217;experi\u00e8ncies d&#8217;acci\u00f3 comunit\u00e0ria intercultural en l&#8217;\u00e0mbit de la salut que es porten a terme a diferents municipis de Catalunya,\u00a0compartir metodologies de treball des de la perspectiva intercultural i de g\u00e8nere, i pensar propostes per millorar l&#8217;acollida en aquest \u00e0mbit a la comarca.<\/p>\n","protected":false},"excerpt":{"rendered":"<p>La setmana passada vam portar a terme una formaci\u00f3 en salut comunit\u00e0ria impartida pel Centre d&#8217;Estudis Africans i Interculturals al Cercle Sport de Figueres, en el marc del projecte Prospectsaso (Interreg Poctefa).<\/p>\n","protected":false},"author":2,"featured_media":7707,"comment_status":"closed","ping_status":"closed","sticky":false,"template":"","format":"standard","meta":{"footnotes":""},"categories":[106,107,104,103,1,108,13,12,102,115],"tags":[],"class_list":["post-7706","post","type-post","status-publish","format-standard","has-post-thumbnail","hentry","category-administracions","category-centres-recerca-universitats","category-entitats-socials","category-estudiants-escoles-instituts","category-general","category-mitjans-comunicacio","category-observatori-inclusio-social-alt-emporda","category-pla-dinclusio-2","category-professionals-ambit-social","category-projectes-transfronterers","category-106","category-107","category-104","category-103","category-1","category-108","category-13","category-12","category-102","category-115","description-off"],"_links":{"self":[{"href":"https:\/\/inclusioaltemporda.cat\/portal\/wp-json\/wp\/v2\/posts\/7706","targetHints":{"allow":["GET"]}}],"collection":[{"href":"https:\/\/inclusioaltemporda.cat\/portal\/wp-json\/wp\/v2\/posts"}],"about":[{"href":"https:\/\/inclusioaltemporda.cat\/portal\/wp-json\/wp\/v2\/types\/post"}],"author":[{"embeddable":true,"href":"https:\/\/inclusioaltemporda.cat\/portal\/wp-json\/wp\/v2\/users\/2"}],"replies":[{"embeddable":true,"href":"https:\/\/inclusioaltemporda.cat\/portal\/wp-json\/wp\/v2\/comments?post=7706"}],"version-history":[{"count":3,"href":"https:\/\/inclusioaltemporda.cat\/portal\/wp-json\/wp\/v2\/posts\/7706\/revisions"}],"predecessor-version":[{"id":7710,"href":"https:\/\/inclusioaltemporda.cat\/portal\/wp-json\/wp\/v2\/posts\/7706\/revisions\/7710"}],"wp:featuredmedia":[{"embeddable":true,"href":"https:\/\/inclusioaltemporda.cat\/portal\/wp-json\/wp\/v2\/media\/7707"}],"wp:attachment":[{"href":"https:\/\/inclusioaltemporda.cat\/portal\/wp-json\/wp\/v2\/media?parent=7706"}],"wp:term":[{"taxonomy":"category","embeddable":true,"href":"https:\/\/inclusioaltemporda.cat\/portal\/wp-json\/wp\/v2\/categories?post=7706"},{"taxonomy":"post_tag","embeddable":true,"href":"https:\/\/inclusioaltemporda.cat\/portal\/wp-json\/wp\/v2\/tags?post=7706"}],"curies":[{"name":"wp","href":"https:\/\/api.w.org\/{rel}","templated":true}]}}