{"id":7732,"date":"2020-08-21T07:40:44","date_gmt":"2020-08-21T06:40:44","guid":{"rendered":"https:\/\/inclusioaltemporda.cat\/portal\/?p=7732"},"modified":"2020-08-21T07:49:24","modified_gmt":"2020-08-21T06:49:24","slug":"formacio-per-a-formadors-alfabetitzacio-de-persones-adultes-en-catala-on-line","status":"publish","type":"post","link":"https:\/\/inclusioaltemporda.cat\/portal\/formacio-per-a-formadors-alfabetitzacio-de-persones-adultes-en-catala-on-line\/","title":{"rendered":"Formaci\u00f3 per a formadors alfabetitzaci\u00f3 de persones adultes en catal\u00e0"},"content":{"rendered":"<p>L&#8217;Equip d&#8217;Inclusi\u00f3 i Atenci\u00f3 a la Comunitat del Consell Comarcal organitza un curs de formaci\u00f3 per formadors\/es d&#8217;alfabetitzaci\u00f3 de persones adultes que es realitzar\u00e0 entre el 7 i el 10 de setembre amb el suport del programa Benestar i Comunitat 2019-2020 de Dipsalut.<\/p>\n<p>Aquesta formaci\u00f3 s&#8217;emmarca en la l\u00ednia d&#8217;actuaci\u00f3 promoguda a l&#8217;Alt Empord\u00e0 per refor\u00e7ar les iniciatives d&#8217;alfabetitzaci\u00f3 de persones adultes.<\/p>\n<p>La formaci\u00f3 la impartir\u00e0 la Bet Cortadellas, professora d&#8217;alfabetitzaci\u00f3 en catal\u00e0 a persones adultes, combinant la modalitat d&#8217;assist\u00e8ncia online i presencial. Trobareu m\u00e9s informaci\u00f3 sobre el curs en <a href=\"https:\/\/inclusioaltemporda.cat\/portal\/wp-content\/uploads\/Programaci\u00f3-Formaci\u00f3-formadores-set-2020.pdf\" target=\"_blank\" rel=\"noopener\">aquest enlla\u00e7<\/a>.<\/p>\n<p>Per tal de participar-hi \u00e9s imprescindible que us inscriviu a mitjan\u00e7ant el <a href=\"https:\/\/forms.gle\/hpbpnMLnFBnHWLCS8\" target=\"_blank\" rel=\"noopener\">formulari d&#8217;inscripci\u00f3<\/a>. El curs \u00e9s gratu\u00eft i les places s\u00f3n limitades.<\/p>\n<p>La formaci\u00f3 i el coneixement de la llengua facilita els processos i traject\u00f2ries d\u2019inclusi\u00f3 social de la poblaci\u00f3 nouvinguda a la comarca i forma part de l\u2019estrat\u00e8gia de treball en xarxa que estableix el <a href=\"https:\/\/inclusioaltemporda.cat\/portal\/wp-content\/uploads\/PLA-INCLUSI%C3%93_Vdef.pdf\">Pla d\u2019actuaci\u00f3 2017-2020 per a la Inclusi\u00f3 i la Cohesi\u00f3 Social de l\u2019Alt Empord\u00e0<\/a>.<\/p>\n","protected":false},"excerpt":{"rendered":"<p>El curs, que combinar\u00e0 les modalitats d&#8217;assist\u00e8ncia online i presencial, es realitzar\u00e0 entre els dies 7 i 10 de setembre<\/p>\n","protected":false},"author":2,"featured_media":6828,"comment_status":"closed","ping_status":"closed","sticky":false,"template":"","format":"standard","meta":{"footnotes":""},"categories":[106,33,100,101,104,1,108,12,11],"tags":[],"class_list":["post-7732","post","type-post","status-publish","format-standard","has-post-thumbnail","hentry","category-administracions","category-agenda","category-area-benestar","category-ciutadania","category-entitats-socials","category-general","category-mitjans-comunicacio","category-pla-dinclusio-2","category-taula-inclusio","category-106","category-33","category-100","category-101","category-104","category-1","category-108","category-12","category-11","description-off"],"_links":{"self":[{"href":"https:\/\/inclusioaltemporda.cat\/portal\/wp-json\/wp\/v2\/posts\/7732","targetHints":{"allow":["GET"]}}],"collection":[{"href":"https:\/\/inclusioaltemporda.cat\/portal\/wp-json\/wp\/v2\/posts"}],"about":[{"href":"https:\/\/inclusioaltemporda.cat\/portal\/wp-json\/wp\/v2\/types\/post"}],"author":[{"embeddable":true,"href":"https:\/\/inclusioaltemporda.cat\/portal\/wp-json\/wp\/v2\/users\/2"}],"replies":[{"embeddable":true,"href":"https:\/\/inclusioaltemporda.cat\/portal\/wp-json\/wp\/v2\/comments?post=7732"}],"version-history":[{"count":4,"href":"https:\/\/inclusioaltemporda.cat\/portal\/wp-json\/wp\/v2\/posts\/7732\/revisions"}],"predecessor-version":[{"id":7737,"href":"https:\/\/inclusioaltemporda.cat\/portal\/wp-json\/wp\/v2\/posts\/7732\/revisions\/7737"}],"wp:featuredmedia":[{"embeddable":true,"href":"https:\/\/inclusioaltemporda.cat\/portal\/wp-json\/wp\/v2\/media\/6828"}],"wp:attachment":[{"href":"https:\/\/inclusioaltemporda.cat\/portal\/wp-json\/wp\/v2\/media?parent=7732"}],"wp:term":[{"taxonomy":"category","embeddable":true,"href":"https:\/\/inclusioaltemporda.cat\/portal\/wp-json\/wp\/v2\/categories?post=7732"},{"taxonomy":"post_tag","embeddable":true,"href":"https:\/\/inclusioaltemporda.cat\/portal\/wp-json\/wp\/v2\/tags?post=7732"}],"curies":[{"name":"wp","href":"https:\/\/api.w.org\/{rel}","templated":true}]}}