{"id":7748,"date":"2020-09-03T08:00:42","date_gmt":"2020-09-03T07:00:42","guid":{"rendered":"https:\/\/inclusioaltemporda.cat\/portal\/?p=7748"},"modified":"2020-09-14T08:26:26","modified_gmt":"2020-09-14T07:26:26","slug":"formacio-per-a-professionals-de-llars-dinfants-i-de-primer-cicle-deducacio-infantil-de-lalt-emporda","status":"publish","type":"post","link":"https:\/\/inclusioaltemporda.cat\/portal\/formacio-per-a-professionals-de-llars-dinfants-i-de-primer-cicle-deducacio-infantil-de-lalt-emporda\/","title":{"rendered":"Formaci\u00f3 per a professionals de Llars d&#8217;Infants i de primer cicle d&#8217;educaci\u00f3 infantil de l&#8217;Alt Empord\u00e0"},"content":{"rendered":"<p>L&#8217;\u00e0rea de Benestar organitza les XIV jornades de formaci\u00f3 per a professionals de Llars d&#8217;Infants i de primer cicle d&#8217;educaci\u00f3 infantil de l&#8217;Alt Empord\u00e0 que tindran lloc el proper mes d&#8217;octubre de 2020.<\/p>\n<p>Les jornades d&#8217;enguany\u00a0porten per t\u00edtol &#8220;Eines de psicomotricitat per a l&#8217;acompanyament en l&#8217;etapa educativa 0-3 en temps de la COVID&#8221;. Estan pensades per facilitar un espai de reflexi\u00f3 i treball sobre la situaci\u00f3 excepcional en qu\u00e8 els m\u00e9s petits tornen a l&#8217;escola i per oferir\u00a0eines\u00a0per treballar amb els infants des de\u00a0la viv\u00e8ncia i\u00a0la reflexi\u00f3 te\u00f2rica i metodol\u00f2gica.<\/p>\n<p>La docent ser\u00e0 la psic\u00f2loga Ver\u00f3nica Ant\u00f3n Mitr\u00f3poulos, qui juntament amb l&#8217;equip de professionals del projecte<a href=\"https:\/\/sendabcn.com\/\">\u00a0SENDA<\/a>, es faran c\u00e0rrec de conduir les sessions de formaci\u00f3.<\/p>\n<p>Ver\u00f3nica Ant\u00f3n Mitr\u00f3poulos \u00e9s tamb\u00e9 terapeuta Gestalt, terapeuta psicomotriu i est\u00e0 formada en intervencions sist\u00e8miques aplicades a la inf\u00e0ncia. Assessora diferents projectes educatius tant en l&#8217;\u00e0mbit p\u00fablic com privat. Dirigeix el projecte SENDA i presideix l&#8217;Associaci\u00f3 d&#8217;Educaci\u00f3 Viva i Activa, ambdues institucions\u00a0 abocades a la formaci\u00f3 de docents, principalment en temes d&#8217;innovaci\u00f3 pedag\u00f2gica, acompanyament emocional i noves metodologies.<\/p>\n<p>La necessitat\u00a0d&#8217;adaptar-nos a la situaci\u00f3 de pand\u00e8mia i a conviure amb la COVID, \u00a0ens ha fet ser\u00a0innovadors en el format d&#8217;aquestes jornades. Enguany la formaci\u00f3 ser\u00e0 gratu\u00efta i s&#8217;amplia el nombre d&#8217;hores, que s&#8217;organitzaran en tres moments:<\/p>\n<p>1)\u00a0Sessi\u00f3 de\u00a0formaci\u00f3 presencial on-line el dissabte 3 d&#8217;octubre, de 9 a 14h. mitjan\u00e7ant\u00a0 l&#8217;acc\u00e9s a una plataforma digital, a c\u00e0rrec de\u00a0Ver\u00f2nica Ant\u00f3n Mitr\u00f3poulos.<\/p>\n<p>2) Distribuci\u00f3 de\u00a0materials i documentaci\u00f3, que s&#8217;utilitzaran per a la\u00a0reflexi\u00f3 metodol\u00f2gica\u00a0a nivell individual i d&#8217;equip de treball.<\/p>\n<p>3)\u00a0Espai virtual d&#8217;intercanvi,\u00a0f\u00f2rum grupal, on s&#8217;intercanviaran\u00a0 les experi\u00e8ncies de cada llar d&#8217;infants. Un espai virtual que ja s&#8217;habilitar\u00e0\u00a0el mes de setembre.<\/p>\n<p>Si esteu interessades a formalitzar la vostra inscripci\u00f3 a la formaci\u00f3, cal que ompliu el <a href=\"https:\/\/docs.google.com\/forms\/d\/e\/1FAIpQLSdK7zFG6-wVLamE-3lpUREvYtPpmnMgFo8lkOrXpOjLrDnP1g\/viewform\">formulari que trobareu en aquest enlla\u00e7<\/a>.<\/p>\n<p>Les places s\u00f3n limitades, pel que us animem a fer el vostre registre aviat.<\/p>\n<p>Data l\u00edmit d&#8217;inscripci\u00f3:\u00a022\u00a0de setembre de 2020.<\/p>\n","protected":false},"excerpt":{"rendered":"<p>Les jornades &#8220;Eines de psicomotricitat per a l&#8217;acompanyament en l&#8217;etapa educativa 0-3 en temps de la COVID&#8221; tindran lloc el mes d&#8217;octubre.<\/p>\n","protected":false},"author":2,"featured_media":7750,"comment_status":"closed","ping_status":"closed","sticky":false,"template":"","format":"standard","meta":{"footnotes":""},"categories":[106,33,100,126,103,1,108,102],"tags":[],"class_list":["post-7748","post","type-post","status-publish","format-standard","has-post-thumbnail","hentry","category-administracions","category-agenda","category-area-benestar","category-covid-19","category-estudiants-escoles-instituts","category-general","category-mitjans-comunicacio","category-professionals-ambit-social","category-106","category-33","category-100","category-126","category-103","category-1","category-108","category-102","description-off"],"_links":{"self":[{"href":"https:\/\/inclusioaltemporda.cat\/portal\/wp-json\/wp\/v2\/posts\/7748","targetHints":{"allow":["GET"]}}],"collection":[{"href":"https:\/\/inclusioaltemporda.cat\/portal\/wp-json\/wp\/v2\/posts"}],"about":[{"href":"https:\/\/inclusioaltemporda.cat\/portal\/wp-json\/wp\/v2\/types\/post"}],"author":[{"embeddable":true,"href":"https:\/\/inclusioaltemporda.cat\/portal\/wp-json\/wp\/v2\/users\/2"}],"replies":[{"embeddable":true,"href":"https:\/\/inclusioaltemporda.cat\/portal\/wp-json\/wp\/v2\/comments?post=7748"}],"version-history":[{"count":2,"href":"https:\/\/inclusioaltemporda.cat\/portal\/wp-json\/wp\/v2\/posts\/7748\/revisions"}],"predecessor-version":[{"id":7751,"href":"https:\/\/inclusioaltemporda.cat\/portal\/wp-json\/wp\/v2\/posts\/7748\/revisions\/7751"}],"wp:featuredmedia":[{"embeddable":true,"href":"https:\/\/inclusioaltemporda.cat\/portal\/wp-json\/wp\/v2\/media\/7750"}],"wp:attachment":[{"href":"https:\/\/inclusioaltemporda.cat\/portal\/wp-json\/wp\/v2\/media?parent=7748"}],"wp:term":[{"taxonomy":"category","embeddable":true,"href":"https:\/\/inclusioaltemporda.cat\/portal\/wp-json\/wp\/v2\/categories?post=7748"},{"taxonomy":"post_tag","embeddable":true,"href":"https:\/\/inclusioaltemporda.cat\/portal\/wp-json\/wp\/v2\/tags?post=7748"}],"curies":[{"name":"wp","href":"https:\/\/api.w.org\/{rel}","templated":true}]}}