{"id":7757,"date":"2020-08-10T13:46:03","date_gmt":"2020-08-10T12:46:03","guid":{"rendered":"https:\/\/inclusioaltemporda.cat\/portal\/?p=7757"},"modified":"2020-10-01T14:13:20","modified_gmt":"2020-10-01T13:13:20","slug":"el-consell-comarcal-rep-financament-per-a-la-compra-de-material-de-proteccio-contra-la-covid19-per-als-equipaments-de-serveis-socials","status":"publish","type":"post","link":"https:\/\/inclusioaltemporda.cat\/portal\/el-consell-comarcal-rep-financament-per-a-la-compra-de-material-de-proteccio-contra-la-covid19-per-als-equipaments-de-serveis-socials\/","title":{"rendered":"El Consell Comarcal rep finan\u00e7ament per a la compra de material de protecci\u00f3 contra la COVID19 per als equipaments de serveis socials"},"content":{"rendered":"<p>L&#8217;\u00e0rea de Benestar social del Consell Comarcal de l&#8217;Alt Empord\u00e0 ha rebut 15.000 \u20ac de finan\u00e7ament de la convocat\u00f2ria de subvencions adre\u00e7ades a consells comarcals i a consorcis d&#8217;acci\u00f3\/benestar social per al suport econ\u00f2mic a les inversions en equipaments dels centres d&#8217;acci\u00f3 social de la demarcaci\u00f3 de Girona (ASICC), per a l&#8217;any 2020. de Organisme Aut\u00f2nom de Salut P\u00fablica de Diputaci\u00f3 de Girona (Dipsalut).<\/p>\n<p>Aquest finan\u00e7ament permetr\u00e0 donar suport a la compra de material per adequar els espais d&#8217;atenci\u00f3 a la ciutadania dels equips de serveis socials b\u00e0sics a les mesures de seguretat derivades de la situaci\u00f3 provocades per la pand\u00e8mia de la COVID-19.<\/p>\n<p>&nbsp;<\/p>\n<p>&nbsp;<\/p>\n","protected":false},"excerpt":{"rendered":"<p>L&#8217;\u00e0rea de Benestar social del Consell Comarcal de l&#8217;Alt Empord\u00e0 ha rebut 15.000 \u20ac de finan\u00e7ament de la convocat\u00f2ria de subvencions adre\u00e7ades a consells comarcals i a consorcis d&#8217;acci\u00f3\/benestar social&hellip;<\/p>\n","protected":false},"author":2,"featured_media":7552,"comment_status":"closed","ping_status":"closed","sticky":false,"template":"","format":"standard","meta":{"footnotes":""},"categories":[106,101,126,1,108],"tags":[],"class_list":["post-7757","post","type-post","status-publish","format-standard","has-post-thumbnail","hentry","category-administracions","category-ciutadania","category-covid-19","category-general","category-mitjans-comunicacio","category-106","category-101","category-126","category-1","category-108","description-off"],"_links":{"self":[{"href":"https:\/\/inclusioaltemporda.cat\/portal\/wp-json\/wp\/v2\/posts\/7757","targetHints":{"allow":["GET"]}}],"collection":[{"href":"https:\/\/inclusioaltemporda.cat\/portal\/wp-json\/wp\/v2\/posts"}],"about":[{"href":"https:\/\/inclusioaltemporda.cat\/portal\/wp-json\/wp\/v2\/types\/post"}],"author":[{"embeddable":true,"href":"https:\/\/inclusioaltemporda.cat\/portal\/wp-json\/wp\/v2\/users\/2"}],"replies":[{"embeddable":true,"href":"https:\/\/inclusioaltemporda.cat\/portal\/wp-json\/wp\/v2\/comments?post=7757"}],"version-history":[{"count":3,"href":"https:\/\/inclusioaltemporda.cat\/portal\/wp-json\/wp\/v2\/posts\/7757\/revisions"}],"predecessor-version":[{"id":7760,"href":"https:\/\/inclusioaltemporda.cat\/portal\/wp-json\/wp\/v2\/posts\/7757\/revisions\/7760"}],"wp:featuredmedia":[{"embeddable":true,"href":"https:\/\/inclusioaltemporda.cat\/portal\/wp-json\/wp\/v2\/media\/7552"}],"wp:attachment":[{"href":"https:\/\/inclusioaltemporda.cat\/portal\/wp-json\/wp\/v2\/media?parent=7757"}],"wp:term":[{"taxonomy":"category","embeddable":true,"href":"https:\/\/inclusioaltemporda.cat\/portal\/wp-json\/wp\/v2\/categories?post=7757"},{"taxonomy":"post_tag","embeddable":true,"href":"https:\/\/inclusioaltemporda.cat\/portal\/wp-json\/wp\/v2\/tags?post=7757"}],"curies":[{"name":"wp","href":"https:\/\/api.w.org\/{rel}","templated":true}]}}