{"id":7761,"date":"2020-10-05T08:27:36","date_gmt":"2020-10-05T07:27:36","guid":{"rendered":"https:\/\/inclusioaltemporda.cat\/portal\/?p=7761"},"modified":"2020-10-05T08:29:01","modified_gmt":"2020-10-05T07:29:01","slug":"el-projecte-lalt-emporda-un-comarca-inclusiva-amb-salut-i-sostenible-sallarga-fins-al-marc-de-2021","status":"publish","type":"post","link":"https:\/\/inclusioaltemporda.cat\/portal\/el-projecte-lalt-emporda-un-comarca-inclusiva-amb-salut-i-sostenible-sallarga-fins-al-marc-de-2021\/","title":{"rendered":"El projecte &#8220;L&#8217;Alt Empord\u00e0, un comarca inclusiva, amb salut i sostenible&#8221; tindr\u00e0 continu\u00eftat fins el mes mar\u00e7 de 2021"},"content":{"rendered":"<p>El projecte \u201cL\u2019Alt Empord\u00e0, una comarca inclusiva, amb salut i sostenible\u201d que compta amb el suport econ\u00f2mic del <a href=\"https:\/\/www.dipsalut.cat\/area.html?a=7&amp;sub=24&amp;prog=222\" target=\"_blank\" rel=\"noopener\">Programa Benestar i Comunitat de Dipsalut<\/a>, t\u00e9 com a finalitat refor\u00e7ar els dispositius i recursos adre\u00e7ats a atendre les persones en situaci\u00f3 de major vulnerabilitat de la comarca, que tinguin com a objectiu millorar la seva qualitat de vida i l\u2019apoderament de la comunitat i les persones.<\/p>\n<p>El projecte 2020-2021 posa el focus en l\u2019atenci\u00f3 a les situacions de vulnerabilitat social provocades per l\u2019agreujament de la crisi social i econ\u00f2mica que est\u00e0 generant la pand\u00e8mia de la COVID-19. Tal i com demostren informes recents a Catalunya i al conjunt de l&#8217;Estat, la crisi de 2008, que encara no s\u2019ha superat, ha generat un increment del risc d&#8217;exclusi\u00f3 social dels grups m\u00e9s vulnerables i de les persones que viuen en el llindar de la pobresa. Alhora aquest risc tamb\u00e9 s&#8217;ha est\u00e8s a d&#8217;altres capes de la poblaci\u00f3 que fins fa uns anys gaudien d&#8217;una situaci\u00f3 m\u00e9s estable. Aquesta situaci\u00f3, lluny de millorar, s\u2019ha vist cronificada en el temps i ni la lleugera recuperaci\u00f3 evidenciada per alguns indicadors macroecon\u00f2mics (creixement PIB, disminuci\u00f3 de l\u2019atur) ha provocat un retroc\u00e9s de les situacions d\u2019exclusi\u00f3 i vulnerabilitat socia<\/p>\n<p>El projecte, que est\u00e0 promogut i impulsat per l\u2019\u00e0rea de Benestar del Consell Comarcal de l\u2019Alt Empord\u00e0, preveu el desplegament 2 programes fins al mes de mar\u00e7 de 2020. Un primer programa que t\u00e9 com a objectiu garantir la cobertura dels drets econ\u00f2mics, socials i culturals de les persones i fam\u00edlies en situaci\u00f3 de vulnerabilitat de la comarca, incidint de forma positiva en els determinants de salut de la poblaci\u00f3. I un segon programa, que t\u00e9 com a objectiu refor\u00e7ar l\u2019apoderament de persones (autonomia i capacitats individuals) i les seves comunitats per tal que esdevinguin agents de transformaci\u00f3 de les seves condicions de vida, incorporant estrat\u00e8gies per facilitar suport emocional que, com a conseq\u00fc\u00e8ncia de la crisi econ\u00f2mica, veuen afectada la seva salut i el seu benestar emocional.<\/p>\n<p>Aquesta iniciativa, que dona continu\u00eftat al projecte impulsat l\u2019any 2019, es desenvolupa conjuntament amb l\u2019Ajuntament de Figueres i les entitats socials que actuen en el territori (C\u00e0ritas, Creu Roja i Fundaci\u00f3 Ser.Gi, Fundaci\u00f3 Escola Sant Vicen\u00e7 de Pa\u00fcl-Ksameu, Fundaci\u00f3 APIP-ACAM i Associaci\u00f3 Ranura), en el marc de la Taula per a la Inclusi\u00f3 i la Cohesi\u00f3 Social de l\u2019Alt Empord\u00e0. Els agents implicats en la definici\u00f3 s\u00f3n tamb\u00e9 els responsables de la implementaci\u00f3 de les diferents actuacions previstes en diferents municipis de la comarca.<\/p>\n<p>Els recursos i dispositius del projecte \u201cL\u2019Alt Empord\u00e0, una comarca inclusiva, amb salut i sostenible\u201d per al per\u00edode 2020-2021 s\u00f3n:<\/p>\n<p><em>1) Programa \u00abGarantir condicions de vida digna\u00bb<\/em><\/p>\n<p><span lang=\"ca-ES\">&#8211; Projecte d\u2019alimentaci\u00f3 i productes d\u2019higiene (Creu Roja)<\/span><\/p>\n<p><span lang=\"ca-ES\">&#8211; Ajuts per a cobrir necessitats b\u00e0siques (Ajuntament de Figueres)<\/span><\/p>\n<p>&#8211; Compra d&#8217;ordinadors per a infants sense dispositiu i pel seguiment del curs escolar (Ajuntament de Figueres).<\/p>\n<p>&#8211; Programa comarcal de prestacions d\u2019urg\u00e8ncia social i compra de productes de primera necessitat (Consell Comarca de l&#8217;Alt Empord\u00e0)<\/p>\n<p><span lang=\"ca-ES\">&#8211; <\/span><span lang=\"ca-ES\">Projecte d\u2019atenci\u00f3 integral a persones sense llar (C\u00e0ritas)<\/span><\/p>\n<p>&#8211; Xarxa d\u2019atenci\u00f3 i acc\u00e9s als serveis p\u00fablics de dones en situaci\u00f3 de vulnerabilitat i entorns de prostituci\u00f3 (Fundaci\u00f3 APIP-ACAM)<\/p>\n<p><em>2) Programa \u00abFomentar l\u2019autonomia i apoderament de les persones en situaci\u00f3 m\u00e9s vulnerable\u00bb<\/em><\/p>\n<p>&#8211; Projecte d&#8217;e<span lang=\"ca-ES\">mpoderament de dones d\u2019origen subsahari\u00e0 (Fundaci\u00f3 Ser.Gi)<\/span><\/p>\n<p>&#8211; Projecte de dinamitzaci\u00f3 comunit\u00e0ria local (Consell Comarcal de l\u2019Alt Empord\u00e0)<\/p>\n<p>&#8211; Programa \u00c0ncora (Consell Comarcal de l\u2019Alt Empord\u00e0, Creu Roja i C\u00e0ritas)<\/p>\n<p>&#8211; Projecte E-brigada (Consell Comarcal de l\u2019Alt Empord\u00e0)<\/p>\n<p>&#8211; Tallers d\u2019alfabetitzaci\u00f3 digital (Creu Roja)<\/p>\n<p>&#8211; Projecte Zona VIP (Associaci\u00f3 Ranura)<\/p>\n<p>&#8211; Projecte d\u2019acompanyament a joves que migren sols (Associaci\u00f3 Ranura)<\/p>\n<p>&#8211; <span lang=\"ca-ES\">Servei d\u2019Intervenci\u00f3 Educativa (C\u00e0ritas)<\/span><\/p>\n<p>&#8211; <span lang=\"ca-ES\">Projecte Lleure IN-Espai Espiadimonis (Fundaci\u00f3 Sant Vicen\u00e7 de Pa\u00fcl)<\/span>\u2013 Cursos d\u2019alfabetitzaci\u00f3 b\u00e0sica (Creu Roja)<\/p>\n<p>&#8211; Cursos d&#8217;alfabetitzaci\u00f3 b\u00e0sica de persones adultes (Creu Roja)<\/p>\n<p>&#8211; Formaci\u00f3 en alfabetitzaci\u00f3 i coneixement de la llengua catalana per a equips directius i educatius dels recursos de joves que han migrat sols (Consell Comarcal de l\u2019Alt Empord\u00e0)<\/p>\n","protected":false},"excerpt":{"rendered":"<p>El projecte t\u00e9 com a finalitat refor\u00e7ar els dispositius i recursos adre\u00e7ats a atendre les persones en situaci\u00f3 de major vulnerabilitat de la comarca.<\/p>\n","protected":false},"author":2,"featured_media":6035,"comment_status":"closed","ping_status":"closed","sticky":false,"template":"","format":"standard","meta":{"footnotes":""},"categories":[106,100,101,126,104,1,108,12],"tags":[],"class_list":["post-7761","post","type-post","status-publish","format-standard","has-post-thumbnail","hentry","category-administracions","category-area-benestar","category-ciutadania","category-covid-19","category-entitats-socials","category-general","category-mitjans-comunicacio","category-pla-dinclusio-2","category-106","category-100","category-101","category-126","category-104","category-1","category-108","category-12","description-off"],"_links":{"self":[{"href":"https:\/\/inclusioaltemporda.cat\/portal\/wp-json\/wp\/v2\/posts\/7761","targetHints":{"allow":["GET"]}}],"collection":[{"href":"https:\/\/inclusioaltemporda.cat\/portal\/wp-json\/wp\/v2\/posts"}],"about":[{"href":"https:\/\/inclusioaltemporda.cat\/portal\/wp-json\/wp\/v2\/types\/post"}],"author":[{"embeddable":true,"href":"https:\/\/inclusioaltemporda.cat\/portal\/wp-json\/wp\/v2\/users\/2"}],"replies":[{"embeddable":true,"href":"https:\/\/inclusioaltemporda.cat\/portal\/wp-json\/wp\/v2\/comments?post=7761"}],"version-history":[{"count":4,"href":"https:\/\/inclusioaltemporda.cat\/portal\/wp-json\/wp\/v2\/posts\/7761\/revisions"}],"predecessor-version":[{"id":7765,"href":"https:\/\/inclusioaltemporda.cat\/portal\/wp-json\/wp\/v2\/posts\/7761\/revisions\/7765"}],"wp:featuredmedia":[{"embeddable":true,"href":"https:\/\/inclusioaltemporda.cat\/portal\/wp-json\/wp\/v2\/media\/6035"}],"wp:attachment":[{"href":"https:\/\/inclusioaltemporda.cat\/portal\/wp-json\/wp\/v2\/media?parent=7761"}],"wp:term":[{"taxonomy":"category","embeddable":true,"href":"https:\/\/inclusioaltemporda.cat\/portal\/wp-json\/wp\/v2\/categories?post=7761"},{"taxonomy":"post_tag","embeddable":true,"href":"https:\/\/inclusioaltemporda.cat\/portal\/wp-json\/wp\/v2\/tags?post=7761"}],"curies":[{"name":"wp","href":"https:\/\/api.w.org\/{rel}","templated":true}]}}