{"id":7814,"date":"2021-01-27T15:03:05","date_gmt":"2021-01-27T14:03:05","guid":{"rendered":"https:\/\/inclusioaltemporda.cat\/portal\/?p=7814"},"modified":"2021-01-27T15:10:16","modified_gmt":"2021-01-27T14:10:16","slug":"es-posa-en-marxa-el-programa-habiba-dones-i-salut-comunitaria-a-lalt-emporda","status":"publish","type":"post","link":"https:\/\/inclusioaltemporda.cat\/portal\/es-posa-en-marxa-el-programa-habiba-dones-i-salut-comunitaria-a-lalt-emporda\/","title":{"rendered":"Es posa en marxa el Programa Habiba Dones i Salut Comunit\u00e0ria a l&#8217;Alt Empord\u00e0"},"content":{"rendered":"<p>L&#8217;Equip d&#8217;Inclusi\u00f3 i Atenci\u00f3 a la Comunitat ha posat en marxa el programa Habiba Dones i Salut Comunit\u00e0ria a l&#8217;Alt Empord\u00e0. Un programa adre\u00e7at a facilitar espais de treball comunitari i eines per acompanyar i empoderar les dones migrades com a actius en salut a la nostra comarca.<\/p>\n<p>Aquest programa est\u00e0 finan\u00e7at per la <a href=\"https:\/\/fundacionlacaixa.org\/ca\/programas-sociales\/interculturalidad-y-cohesion-social\/en-un-vistazo\">Convocat\u00f2ria Inerculturalitat i Acci\u00f3 Social 2020 de la Fundaci\u00f3 Banc\u00e0ria La Caixa <\/a>i tindr\u00e0 una durada d&#8217;un any. El programa\u00a0\u00e9s fruit dels resultats i necessitats detectades en salut de les dones migrades expressades en el marc del programa de<a href=\"https:\/\/inclusioaltemporda.cat\/portal\/programa-dones-referents-comunitaries-de-lalt-emporda\/\"> Dones Referents Comunit\u00e0ries de l&#8217;Alt Empord\u00e0 portat a terme l&#8217;any 2019<\/a>.<\/p>\n<p>El programa Habiba\u00a0es va iniciar el mes de desembre passat i ja\u00a0ha posat en marxa un proc\u00e9s de treball comunitari\u00a0amb professionals de la salut de l&#8217;ABS de l&#8217;Escala (municipi de Sant Pere Pescador) i un grup de 17 dones migrades de diferents or\u00edgens, amb la finalitat d&#8217;elaborar un diagn\u00f2stic sobre la salut i l&#8217;acc\u00e9s al sistema de salut de les dones migrades a la comarca.<\/p>\n<p><a href=\"https:\/\/amunticritsdonesaltemporda.blogspot.com\/\">L&#8217;Associaci\u00f3 Amunt i Crits-Dones Referents Comunit\u00e0ries de l&#8217;Alt Empord\u00e0 <\/a>participa activament\u00a0en aquest programa, facilitant la\u00a0dinamitzaci\u00f3 de les sessions de treball amb els grups de\u00a0dones i els professionals de salut.<\/p>\n<p>D&#8217;altra banda, el programa Habiba permetr\u00e0 crear una <strong>Xarxa Local d&#8217;Aprenentatge en Salut Comunit\u00e0ria<\/strong> <strong>Intercultural<\/strong> oberta a els agents de salut de la comarca i comarques gironines, amb la finalitat de compartir els resultats del programa i generar nous projectes comunitaris innovadors en l&#8217;\u00e0mbit social i sanitari. El programa preveu organitzar 2 seminaris oberts (en format <em>webinar<\/em>) que facilitaran l&#8217;intercanvi\u00a0de coneixement i la creaci\u00f3\u00a0d&#8217;un espai de treball en aquest \u00e0mbit de la intervenci\u00f3 comunit\u00e0ria.<\/p>\n<p><a href=\"https:\/\/inclusioaltemporda.cat\/portal\/programa-habiba-dones-i-salut-comunitaria-a-lalt-emporda\/\">Podeu trobar m\u00e9s informaci\u00f3 en aquest enlla\u00e7<\/a>.<\/p>\n","protected":false},"excerpt":{"rendered":"<p>L&#8217;Equip d&#8217;Inclusi\u00f3 i Atenci\u00f3 a la Comunitat ha posat en marxa el programa Habiba Dones i Salut Comunit\u00e0ria a l&#8217;Alt Empord\u00e0. Un programa adre\u00e7at a facilitar espais de treball comunitari i eines per acompanyar i empoderar les dones migrades com a actius en salut a la nostra comarca.<\/p>\n","protected":false},"author":2,"featured_media":7815,"comment_status":"closed","ping_status":"closed","sticky":false,"template":"","format":"standard","meta":{"footnotes":""},"categories":[106,100,107,101,126,104,103,1,108,12,102],"tags":[],"class_list":["post-7814","post","type-post","status-publish","format-standard","has-post-thumbnail","hentry","category-administracions","category-area-benestar","category-centres-recerca-universitats","category-ciutadania","category-covid-19","category-entitats-socials","category-estudiants-escoles-instituts","category-general","category-mitjans-comunicacio","category-pla-dinclusio-2","category-professionals-ambit-social","category-106","category-100","category-107","category-101","category-126","category-104","category-103","category-1","category-108","category-12","category-102","description-off"],"_links":{"self":[{"href":"https:\/\/inclusioaltemporda.cat\/portal\/wp-json\/wp\/v2\/posts\/7814","targetHints":{"allow":["GET"]}}],"collection":[{"href":"https:\/\/inclusioaltemporda.cat\/portal\/wp-json\/wp\/v2\/posts"}],"about":[{"href":"https:\/\/inclusioaltemporda.cat\/portal\/wp-json\/wp\/v2\/types\/post"}],"author":[{"embeddable":true,"href":"https:\/\/inclusioaltemporda.cat\/portal\/wp-json\/wp\/v2\/users\/2"}],"replies":[{"embeddable":true,"href":"https:\/\/inclusioaltemporda.cat\/portal\/wp-json\/wp\/v2\/comments?post=7814"}],"version-history":[{"count":6,"href":"https:\/\/inclusioaltemporda.cat\/portal\/wp-json\/wp\/v2\/posts\/7814\/revisions"}],"predecessor-version":[{"id":7828,"href":"https:\/\/inclusioaltemporda.cat\/portal\/wp-json\/wp\/v2\/posts\/7814\/revisions\/7828"}],"wp:featuredmedia":[{"embeddable":true,"href":"https:\/\/inclusioaltemporda.cat\/portal\/wp-json\/wp\/v2\/media\/7815"}],"wp:attachment":[{"href":"https:\/\/inclusioaltemporda.cat\/portal\/wp-json\/wp\/v2\/media?parent=7814"}],"wp:term":[{"taxonomy":"category","embeddable":true,"href":"https:\/\/inclusioaltemporda.cat\/portal\/wp-json\/wp\/v2\/categories?post=7814"},{"taxonomy":"post_tag","embeddable":true,"href":"https:\/\/inclusioaltemporda.cat\/portal\/wp-json\/wp\/v2\/tags?post=7814"}],"curies":[{"name":"wp","href":"https:\/\/api.w.org\/{rel}","templated":true}]}}