{"id":7829,"date":"2021-02-04T13:36:03","date_gmt":"2021-02-04T12:36:03","guid":{"rendered":"https:\/\/inclusioaltemporda.cat\/portal\/?p=7829"},"modified":"2021-02-04T13:36:03","modified_gmt":"2021-02-04T12:36:03","slug":"impulsem-el-projecte-comunitari-tic-tac-dalfabetitzacio-digital-a-sant-pere-pescador","status":"publish","type":"post","link":"https:\/\/inclusioaltemporda.cat\/portal\/impulsem-el-projecte-comunitari-tic-tac-dalfabetitzacio-digital-a-sant-pere-pescador\/","title":{"rendered":"Impulsem el projecte comunitari TIC TAC d\u2019alfabetitzaci\u00f3 digital a Sant Pere Pescador"},"content":{"rendered":"<p lang=\"ca-ES\" align=\"justify\">L\u2019Equip d\u2019Inclusi\u00f3 i Atenci\u00f3 a la Comunitat del Consell Comarcal de l&#8217;Alt Empord\u00e0 ha posat en marxa aquest mes de febrer el projecte comunitari TIC TAC d\u2019alfabetitzaci\u00f3 digital a Sant Pere Pescador, que facilita una formaci\u00f3 de 30 hores en eines digitals a un grup de 14 persones en situaci\u00f3 vulnerable, per afavorir el seu empoderament i autonomia i l\u2019acc\u00e9s a tr\u00e0mits administratius en-l\u00ednia.<\/p>\n<p lang=\"ca-ES\" align=\"justify\">Aquest \u00e9s un projecte innovador que facilita eines pr\u00e0ctiques per a persones que han quedat excloses del nou escenari administratiu virtual, refor\u00e7at per la crisi sanit\u00e0ria. El projecte est\u00e0 adre\u00e7at a persones majors de 16 anys, que volen adquirir i millorar habilitats per a realitzar tr\u00e0mits i gestions on-line.<\/p>\n<p lang=\"ca-ES\" align=\"justify\">El projecte TIC-TAC ha estat dissenyat des de la perspectiva comunit\u00e0ria el que ha facilitat crear un espai de treball que permetr\u00e0, m\u00e9s enll\u00e0 de la formaci\u00f3, teixir aliances entre les persones participants, compartir necessitats semblants i abordar q\u00fcestions d\u2019inter\u00e8s mutu com a ve\u00efns i ve\u00efnes del municipi. El projecte, s\u2019ha treballat amb diferents agents de Sant Pere Pescador com l\u2019escola, l\u2019Ajuntament, els serveis socials i els ve\u00efns i ve\u00efnes del grup d\u2019Habitatges dels Quatre Vents.<\/p>\n<p lang=\"ca-ES\" align=\"justify\">Els continguts de la formaci\u00f3 han estat elaborats a partir de les necessitats expressades per les persones participants. El projecte cedeix temporalment un dispositiu a totes les persones participants perqu\u00e8 puguin seguir els continguts de les sessions i afavorir l\u2019autoaprenentatge i l\u2019autonomia. El projecte tamb\u00e9 garanteix, en cas de necessitat, l\u2019acc\u00e9s a internet per poder seguir les formacions.<\/p>\n<p lang=\"ca-ES\" align=\"justify\">Aquesta formaci\u00f3 s\u2019emmarca en les formacions dels m\u00f2duls d\u2019acollida de la Secretaria d\u2019Igualtat, Migracions i Ciutadania, que estan permeses en l\u2019actual context de restriccions per la situaci\u00f3 de la COVID-19. Les persones participants obtindran un certificat d\u2019aprofitament un cop finalitzada la formaci\u00f3.<\/p>\n<p lang=\"ca-ES\" align=\"justify\">El projecte TIC TAC forma part del Projecte l\u2019Alt Empord\u00e0, una comarca inclusiva, amb salut i sostenible, finan\u00e7at pel Programa Benestar i Comunitat de Dipsalut i ha estat dissenyat i \u00e9s implementat per t\u00e8cnics d\u2019acci\u00f3 comunit\u00e0ria de l\u2019equip d\u2019Inclusi\u00f3 i Atenci\u00f3 a la Comunitat.<\/p>\n","protected":false},"excerpt":{"rendered":"<p>Impulsem el projecte comunitari TIC TAC d\u2019alfabetitzaci\u00f3 digital a Sant Pere Pescador, una formaci\u00f3 en eines digitals  per afavorir l&#8217;empoderament i autonomia de persones en situaci\u00f3 vulnerable i l\u2019acc\u00e9s a tr\u00e0mits administratius en l\u00ednia.<\/p>\n","protected":false},"author":2,"featured_media":7831,"comment_status":"closed","ping_status":"closed","sticky":false,"template":"","format":"standard","meta":{"footnotes":""},"categories":[106,100,107,101,126,105,104,103,1,108,102,11],"tags":[],"class_list":["post-7829","post","type-post","status-publish","format-standard","has-post-thumbnail","hentry","category-administracions","category-area-benestar","category-centres-recerca-universitats","category-ciutadania","category-covid-19","category-empreses","category-entitats-socials","category-estudiants-escoles-instituts","category-general","category-mitjans-comunicacio","category-professionals-ambit-social","category-taula-inclusio","category-106","category-100","category-107","category-101","category-126","category-105","category-104","category-103","category-1","category-108","category-102","category-11","description-off"],"_links":{"self":[{"href":"https:\/\/inclusioaltemporda.cat\/portal\/wp-json\/wp\/v2\/posts\/7829","targetHints":{"allow":["GET"]}}],"collection":[{"href":"https:\/\/inclusioaltemporda.cat\/portal\/wp-json\/wp\/v2\/posts"}],"about":[{"href":"https:\/\/inclusioaltemporda.cat\/portal\/wp-json\/wp\/v2\/types\/post"}],"author":[{"embeddable":true,"href":"https:\/\/inclusioaltemporda.cat\/portal\/wp-json\/wp\/v2\/users\/2"}],"replies":[{"embeddable":true,"href":"https:\/\/inclusioaltemporda.cat\/portal\/wp-json\/wp\/v2\/comments?post=7829"}],"version-history":[{"count":2,"href":"https:\/\/inclusioaltemporda.cat\/portal\/wp-json\/wp\/v2\/posts\/7829\/revisions"}],"predecessor-version":[{"id":7841,"href":"https:\/\/inclusioaltemporda.cat\/portal\/wp-json\/wp\/v2\/posts\/7829\/revisions\/7841"}],"wp:featuredmedia":[{"embeddable":true,"href":"https:\/\/inclusioaltemporda.cat\/portal\/wp-json\/wp\/v2\/media\/7831"}],"wp:attachment":[{"href":"https:\/\/inclusioaltemporda.cat\/portal\/wp-json\/wp\/v2\/media?parent=7829"}],"wp:term":[{"taxonomy":"category","embeddable":true,"href":"https:\/\/inclusioaltemporda.cat\/portal\/wp-json\/wp\/v2\/categories?post=7829"},{"taxonomy":"post_tag","embeddable":true,"href":"https:\/\/inclusioaltemporda.cat\/portal\/wp-json\/wp\/v2\/tags?post=7829"}],"curies":[{"name":"wp","href":"https:\/\/api.w.org\/{rel}","templated":true}]}}