{"id":7843,"date":"2021-02-15T08:54:46","date_gmt":"2021-02-15T07:54:46","guid":{"rendered":"https:\/\/inclusioaltemporda.cat\/portal\/?p=7843"},"modified":"2021-02-15T08:55:48","modified_gmt":"2021-02-15T07:55:48","slug":"larea-de-benestar-del-consell-comarcal-publica-dos-fulletons-informatius-sobre-els-serveis-que-presta","status":"publish","type":"post","link":"https:\/\/inclusioaltemporda.cat\/portal\/larea-de-benestar-del-consell-comarcal-publica-dos-fulletons-informatius-sobre-els-serveis-que-presta\/","title":{"rendered":"L&#8217;\u00e0rea de Benestar del Consell Comarcal publica dos fulletons informatius sobre els serveis que presta"},"content":{"rendered":"<p><span lang=\"ca-ES\">L\u2019\u00e0rea de Benestar del Consell Comarcal de l\u2019Alt Empord\u00e0 ha editat<\/span> <span lang=\"ca-ES\">un llibret<\/span> <span lang=\"ca-ES\">per refor\u00e7ar la visibilitat dels serveis i programes<\/span> <span lang=\"ca-ES\">que presta al conjunt de la ciutadania i als ajuntaments de la comarca. Tamb\u00e9 s\u2019ha impr\u00e8s<\/span> <span lang=\"ca-ES\">un d\u00edptic, dirigit a la ciutadania on es descriuen els serveis dels Serveis Socials B\u00e0sics.<\/span><\/p>\n<p><span lang=\"ca-ES\">Els fulletons presenten els diferents equips i serveis d\u2019atenci\u00f3 de l\u2019\u00e0rea de Benestar que es despleguen a la<\/span> <span lang=\"ca-ES\">comarca de forma permanent<\/span> <span lang=\"ca-ES\">a trav\u00e9s de les 6 oficines d\u2019atenci\u00f3 dels<\/span> <span lang=\"ca-ES\">Serveis B\u00e0sics d\u2019Atenci\u00f3 Social. Alhora tamb\u00e9 presenta els recursos i<\/span> <span lang=\"ca-ES\">equips especialitzats d\u2019Inf\u00e0ncia, fam\u00edlies i adolesc\u00e8ncia, Envelliment actiu i atenci\u00f3 a les fam\u00edlies i Inclusi\u00f3 i atenci\u00f3 a la comunitat.<\/span><\/p>\n<p><span lang=\"ca-ES\">En mat\u00e8ria de Serveis Socials B\u00e0sics, el consell presta servei<\/span> <span lang=\"ca-ES\">en tots els municipis de menys de 20.000 habitants de la comarca, tal com estableix la Llei de Serveis Socials de Catalunya. A la comarca, el primer nivell d\u2019atenci\u00f3 s\u2019organitza en dues unitats territorials (la litoral i l\u2019interior). El sistema de benestar i els serveis socials ha de garantir el dret de les persones a viure dignament durant totes les etapes de la seva vida mitjan\u00e7ant la cobertura de les seves necessitats personals b\u00e0siques i les necessitats socials. Per atendre tota la diversitat i casu\u00edstica, els serveis socials ofereixen un conjunt de programes i accions orientades a prevenir i resoldre dificultats socials de manera temporal o permanent, oferint suport i acompanyament en la recerca de solucions a problem\u00e0tiques socials diverses. <\/span><\/p>\n<p>Els dos documents informatius es presenten com una eina per donar-se a con\u00e8ixer a la ciutadania i que aquests puguin con\u00e8ixer els serveis que t\u00e9 a l\u2019abast. Es poden consultar a continuaci\u00f3:<\/p>\n<p>Llibret de presentaci\u00f3 de serveis<\/p>\n<ul>\n<li><a href=\"https:\/\/www.altemporda.org\/portal\/attachments\/article\/4521\/Fulleto%CC%81_ba%CC%80sic_AE_plecs_compressed.pdf\" target=\"_blank\" rel=\"noopener\">D\u00edptic informatiu dels Serveis Socials B\u00e0sics.<\/a><\/li>\n<li><a href=\"https:\/\/www.altemporda.org\/portal\/attachments\/article\/4521\/Fulleto%CC%81_institucional_AE_plecs_compressed.pdf\">Llibret informatiu dels serveis de l&#8217;\u00e0rea de Benestar.<\/a><\/li>\n<\/ul>\n<p>&nbsp;<\/p>\n<p>&nbsp;<\/p>\n<p>&nbsp;<\/p>\n<p>&nbsp;<\/p>\n<p>&nbsp;<\/p>\n","protected":false},"excerpt":{"rendered":"<p>S&#8217;han editat un llibret per refor\u00e7ar la visibilitat dels serveis i programes que presta al conjunt de la ciutadania i als ajuntaments i un d\u00edptic dirigit a la ciutadania on es descriuen els serveis dels Serveis Socials B\u00e0sics.<\/p>\n","protected":false},"author":2,"featured_media":7844,"comment_status":"closed","ping_status":"closed","sticky":false,"template":"","format":"standard","meta":{"footnotes":""},"categories":[106,100,101,104,1,108,12],"tags":[],"class_list":["post-7843","post","type-post","status-publish","format-standard","has-post-thumbnail","hentry","category-administracions","category-area-benestar","category-ciutadania","category-entitats-socials","category-general","category-mitjans-comunicacio","category-pla-dinclusio-2","category-106","category-100","category-101","category-104","category-1","category-108","category-12","description-off"],"_links":{"self":[{"href":"https:\/\/inclusioaltemporda.cat\/portal\/wp-json\/wp\/v2\/posts\/7843","targetHints":{"allow":["GET"]}}],"collection":[{"href":"https:\/\/inclusioaltemporda.cat\/portal\/wp-json\/wp\/v2\/posts"}],"about":[{"href":"https:\/\/inclusioaltemporda.cat\/portal\/wp-json\/wp\/v2\/types\/post"}],"author":[{"embeddable":true,"href":"https:\/\/inclusioaltemporda.cat\/portal\/wp-json\/wp\/v2\/users\/2"}],"replies":[{"embeddable":true,"href":"https:\/\/inclusioaltemporda.cat\/portal\/wp-json\/wp\/v2\/comments?post=7843"}],"version-history":[{"count":2,"href":"https:\/\/inclusioaltemporda.cat\/portal\/wp-json\/wp\/v2\/posts\/7843\/revisions"}],"predecessor-version":[{"id":7846,"href":"https:\/\/inclusioaltemporda.cat\/portal\/wp-json\/wp\/v2\/posts\/7843\/revisions\/7846"}],"wp:featuredmedia":[{"embeddable":true,"href":"https:\/\/inclusioaltemporda.cat\/portal\/wp-json\/wp\/v2\/media\/7844"}],"wp:attachment":[{"href":"https:\/\/inclusioaltemporda.cat\/portal\/wp-json\/wp\/v2\/media?parent=7843"}],"wp:term":[{"taxonomy":"category","embeddable":true,"href":"https:\/\/inclusioaltemporda.cat\/portal\/wp-json\/wp\/v2\/categories?post=7843"},{"taxonomy":"post_tag","embeddable":true,"href":"https:\/\/inclusioaltemporda.cat\/portal\/wp-json\/wp\/v2\/tags?post=7843"}],"curies":[{"name":"wp","href":"https:\/\/api.w.org\/{rel}","templated":true}]}}