{"id":7849,"date":"2021-02-19T14:47:57","date_gmt":"2021-02-19T13:47:57","guid":{"rendered":"https:\/\/inclusioaltemporda.cat\/portal\/?p=7849"},"modified":"2021-02-22T10:08:36","modified_gmt":"2021-02-22T09:08:36","slug":"jornada-de-formacio-de-la-taula-dinclusio-de-lalt-emporda-els-reptes-de-laccio-comunitaria-en-temps-de-pandemia","status":"publish","type":"post","link":"https:\/\/inclusioaltemporda.cat\/portal\/jornada-de-formacio-de-la-taula-dinclusio-de-lalt-emporda-els-reptes-de-laccio-comunitaria-en-temps-de-pandemia\/","title":{"rendered":"Jornada de formaci\u00f3 de la Taula d&#8217;Inclusi\u00f3 de l&#8217;Alt Empord\u00e0 &#8220;Els reptes de l&#8217;acci\u00f3 comunit\u00e0ria en temps de pand\u00e8mia&#8221;"},"content":{"rendered":"<p>El proper divendres 19 de mar\u00e7 se celebrar\u00e0 la Jornada de formaci\u00f3 per entitats i voluntariat 2021, que enguany arriba a la seva setena edici\u00f3, organitzada per la Taula d\u2019Inclusi\u00f3 Social i el Consell Comarcal de l\u2019Alt Empord\u00e0.<\/p>\n<p>La situaci\u00f3 sociosanit\u00e0ria que est\u00e0 emergint arrel de la pand\u00e8mia centrar\u00e0 l\u2019atenci\u00f3 de la jornada d\u2019enguany, que amb el t\u00edtol \u201cEls reptes de l\u2019acci\u00f3 comunit\u00e0ria en temps de pand\u00e8mia\u201d, proposa generar una reflexi\u00f3 entorn la incorporaci\u00f3 de la perspectiva comunit\u00e0ria en l\u2019acci\u00f3 quotidiana de les entitats i l\u2019atenci\u00f3 social i els reptes que ens planteja la situaci\u00f3 de pand\u00e8mia.<\/p>\n<p>La jornada es celebrar\u00e0 telem\u00e0ticament com a conseq\u00fc\u00e8ncia de les mesures sanit\u00e0ries vigents per a fer front a la Covid-19. L\u2019horari de la sessi\u00f3 ser\u00e0 de 10:00 a 13:00h i es portar\u00e0 a terme mitjan\u00e7ant la Plataforma ZOOM.<\/p>\n<p>La Jornada estar\u00e0 impartida i dinamitzada per la Cl\u00e0udia Many\u00e0 Aragay, Diplomada en Educaci\u00f3 Social per la UB i M\u00e0ster Oficial Interuniversitari en Estudis de Dones, G\u00e8nere i Ciutadania, que compta amb una experi\u00e8ncia professional centrada en l\u2019acci\u00f3 comunit\u00e0ria en l&#8217;\u00e0mbit dels Serveis Socials b\u00e0sics, on ha exercit durant m\u00e9s de 20 anys.<\/p>\n<p>La jornada tamb\u00e9 es podr\u00e0 seguir a trav\u00e9s del compte de twitter @AltEmpordaIN i del nou perfil d\u2019Instagram de l\u2019Equip d\u2019Inclusi\u00f3 i Atenci\u00f3 a la Comunitat @altempordain<\/p>\n<p>Podeu consultar el programa de la jornada en <a href=\"https:\/\/inclusioaltemporda.cat\/portal\/wp-content\/uploads\/Programa-Jornada-Taula-IN-19032021.pdf\">aquest enlla\u00e7<\/a>.<\/p>\n<p>La inscripci\u00f3 s\u2019ha de fer mitjan\u00e7ant <a href=\"https:\/\/inclusioaltemporda.cat\/portal\/jornada-inscripcions\/\" target=\"_blank\" rel=\"noopener\">aquest formulari<\/a> abans del dia 15 de mar\u00e7. La inscripci\u00f3 \u00e9s gratu\u00efta.<\/p>\n<p>Per a m\u00e9s informaci\u00f3 podeu contactar amb l\u2019Equip d\u2019Inclusi\u00f3 i Atenci\u00f3 a la Comunitat del Consell Comarcal de l\u2019Alt Empord\u00e0 al tel\u00e8fon 972.67.70.50 (de 9h a 14h) o a trav\u00e9s del correu electr\u00f2nic inclusio@altemporda.cat.<\/p>\n","protected":false},"excerpt":{"rendered":"<p>El divendres 16 de mar\u00e7 tindr\u00e0 lloc la Jornada de formaci\u00f3 anual per entitats i voluntariat organitzada per la Taula d&#8217;Inclusi\u00f3 de l&#8217;Alt Empord\u00e0 i el Consell Comarcal<\/p>\n","protected":false},"author":2,"featured_media":5281,"comment_status":"closed","ping_status":"closed","sticky":false,"template":"","format":"standard","meta":{"footnotes":""},"categories":[106,33,100,101,126,104,103,1,108,12,102,11],"tags":[],"class_list":["post-7849","post","type-post","status-publish","format-standard","has-post-thumbnail","hentry","category-administracions","category-agenda","category-area-benestar","category-ciutadania","category-covid-19","category-entitats-socials","category-estudiants-escoles-instituts","category-general","category-mitjans-comunicacio","category-pla-dinclusio-2","category-professionals-ambit-social","category-taula-inclusio","category-106","category-33","category-100","category-101","category-126","category-104","category-103","category-1","category-108","category-12","category-102","category-11","description-off"],"_links":{"self":[{"href":"https:\/\/inclusioaltemporda.cat\/portal\/wp-json\/wp\/v2\/posts\/7849","targetHints":{"allow":["GET"]}}],"collection":[{"href":"https:\/\/inclusioaltemporda.cat\/portal\/wp-json\/wp\/v2\/posts"}],"about":[{"href":"https:\/\/inclusioaltemporda.cat\/portal\/wp-json\/wp\/v2\/types\/post"}],"author":[{"embeddable":true,"href":"https:\/\/inclusioaltemporda.cat\/portal\/wp-json\/wp\/v2\/users\/2"}],"replies":[{"embeddable":true,"href":"https:\/\/inclusioaltemporda.cat\/portal\/wp-json\/wp\/v2\/comments?post=7849"}],"version-history":[{"count":1,"href":"https:\/\/inclusioaltemporda.cat\/portal\/wp-json\/wp\/v2\/posts\/7849\/revisions"}],"predecessor-version":[{"id":7850,"href":"https:\/\/inclusioaltemporda.cat\/portal\/wp-json\/wp\/v2\/posts\/7849\/revisions\/7850"}],"wp:featuredmedia":[{"embeddable":true,"href":"https:\/\/inclusioaltemporda.cat\/portal\/wp-json\/wp\/v2\/media\/5281"}],"wp:attachment":[{"href":"https:\/\/inclusioaltemporda.cat\/portal\/wp-json\/wp\/v2\/media?parent=7849"}],"wp:term":[{"taxonomy":"category","embeddable":true,"href":"https:\/\/inclusioaltemporda.cat\/portal\/wp-json\/wp\/v2\/categories?post=7849"},{"taxonomy":"post_tag","embeddable":true,"href":"https:\/\/inclusioaltemporda.cat\/portal\/wp-json\/wp\/v2\/tags?post=7849"}],"curies":[{"name":"wp","href":"https:\/\/api.w.org\/{rel}","templated":true}]}}