{"id":7852,"date":"2021-02-25T11:24:15","date_gmt":"2021-02-25T10:24:15","guid":{"rendered":"https:\/\/inclusioaltemporda.cat\/portal\/?p=7852"},"modified":"2021-02-25T11:27:12","modified_gmt":"2021-02-25T10:27:12","slug":"es-presenta-la-guia-per-que-es-important-la-recerca-als-serveis-socials-i-com-podem-fomentar-la","status":"publish","type":"post","link":"https:\/\/inclusioaltemporda.cat\/portal\/es-presenta-la-guia-per-que-es-important-la-recerca-als-serveis-socials-i-com-podem-fomentar-la\/","title":{"rendered":"Es presenta la Guia &#8220;Per qu\u00e8 \u00e9s important la recerca als serveis socials i com podem fomentar-la?&#8221;"},"content":{"rendered":"<p>Aquesta setmana s&#8217;ha presentat la Guia <em>Per qu\u00e8 \u00e9s important la recerca als serveis socials i com podem fomentar-la?<\/em>\u00a0elaborada per un equip de recerca mixt integrat per professionals i acad\u00e8mics en el qual\u00a0 han participat professionals de l&#8217;\u00e0rea de Benestar del Consell Comarcal de l&#8217;Alt Empord\u00e0.<\/p>\n<p>El webinar de presentaci\u00f3 d&#8217;aquesta Guia va ser organitzat per<a href=\"http:\/\/www.campusarnau.org\/coneix-la-fundacio\/dixit-girona\/\"> DIXIT Girona Centre de Documentaci\u00f3 de Serveis Socials <\/a>i la <a href=\"https:\/\/www.campusarnau.org\/\">Fundaci\u00f3 Campus Arnau d&#8217;Escala<\/a>. Va comptar amb un di\u00e0leg a tres veus entre Esther Raya, professora de la Universitat de La Rioja de l&#8217;\u00e0rea de recerca de treball social i serveis socials, Maite Bold\u00fa, professora de la Universitat de Girona i responsable de Serveis Socials B\u00e0sics del Consell Comarcal de La Selva i Luci Alvarado, educadora social dels Serveis Socials B\u00e0sics del Consell Comarcal de l\u2019Alt Empord\u00e0. La cloenda va anar a c\u00e0rrec de Meritxell Bened\u00ed, \u00a0directora general de Serveis Socials del Departament de Treball, Afers Socials i Fam\u00edlies.<\/p>\n<p>L&#8217;equip que ha elaborat aquesta Guia ha estat integrat per\u00a0professionals de la intervenci\u00f3 social de les comarques gironines i professorat de la Universitat de Girona i ha estat l&#8217;encarregat de portar a terme una de les accions del<a href=\"https:\/\/inclusioaltemporda.cat\/portal\/cooperacio-transfronterera-3\/projecte-transfronterer-prospectsaso\/\"> projecte transfronterer Prospectsaso<\/a>, centrada en una recerca\u00a0orientada a refor\u00e7ar la xarxa entre els professionals i els centres de formaci\u00f3 universitaris.<\/p>\n<p>Els resultats d&#8217;aquesta\u00a0recerca, els resultats\u00a0de la qual recull la<a href=\"https:\/\/ccuc.csuc.cat\/record=b7503368~S23*cat\"> Guia que podeu consultar en aquest enlla\u00e7<\/a>, ha tingut com a finalitat analitzar en quina mesura la investigaci\u00f3\u00a0est\u00e0 integrada en el dia a dia dels equips d&#8217;intervenci\u00f3 social de les comarques gironines i fa propostes i recomanacions per impulsar-la.<\/p>\n","protected":false},"excerpt":{"rendered":"<p>Aquesta setmana s&#8217;ha presentat la Guia Per qu\u00e8 \u00e9s important la recerca als serveis socials i com podem fomentar-la? elaborada per un equip de recerca mixt integrat per professionals i acad\u00e8mics en el qual  han participat professionals de l&#8217;\u00e0rea de Benestar del Consell Comarcal de l&#8217;Alt Empord\u00e0.<\/p>\n","protected":false},"author":2,"featured_media":7855,"comment_status":"closed","ping_status":"closed","sticky":false,"template":"","format":"standard","meta":{"footnotes":""},"categories":[106,100,107,105,104,103,1,108,13,102,115],"tags":[],"class_list":["post-7852","post","type-post","status-publish","format-standard","has-post-thumbnail","hentry","category-administracions","category-area-benestar","category-centres-recerca-universitats","category-empreses","category-entitats-socials","category-estudiants-escoles-instituts","category-general","category-mitjans-comunicacio","category-observatori-inclusio-social-alt-emporda","category-professionals-ambit-social","category-projectes-transfronterers","category-106","category-100","category-107","category-105","category-104","category-103","category-1","category-108","category-13","category-102","category-115","description-off"],"_links":{"self":[{"href":"https:\/\/inclusioaltemporda.cat\/portal\/wp-json\/wp\/v2\/posts\/7852","targetHints":{"allow":["GET"]}}],"collection":[{"href":"https:\/\/inclusioaltemporda.cat\/portal\/wp-json\/wp\/v2\/posts"}],"about":[{"href":"https:\/\/inclusioaltemporda.cat\/portal\/wp-json\/wp\/v2\/types\/post"}],"author":[{"embeddable":true,"href":"https:\/\/inclusioaltemporda.cat\/portal\/wp-json\/wp\/v2\/users\/2"}],"replies":[{"embeddable":true,"href":"https:\/\/inclusioaltemporda.cat\/portal\/wp-json\/wp\/v2\/comments?post=7852"}],"version-history":[{"count":4,"href":"https:\/\/inclusioaltemporda.cat\/portal\/wp-json\/wp\/v2\/posts\/7852\/revisions"}],"predecessor-version":[{"id":7857,"href":"https:\/\/inclusioaltemporda.cat\/portal\/wp-json\/wp\/v2\/posts\/7852\/revisions\/7857"}],"wp:featuredmedia":[{"embeddable":true,"href":"https:\/\/inclusioaltemporda.cat\/portal\/wp-json\/wp\/v2\/media\/7855"}],"wp:attachment":[{"href":"https:\/\/inclusioaltemporda.cat\/portal\/wp-json\/wp\/v2\/media?parent=7852"}],"wp:term":[{"taxonomy":"category","embeddable":true,"href":"https:\/\/inclusioaltemporda.cat\/portal\/wp-json\/wp\/v2\/categories?post=7852"},{"taxonomy":"post_tag","embeddable":true,"href":"https:\/\/inclusioaltemporda.cat\/portal\/wp-json\/wp\/v2\/tags?post=7852"}],"curies":[{"name":"wp","href":"https:\/\/api.w.org\/{rel}","templated":true}]}}