{"id":7860,"date":"2021-03-11T10:17:54","date_gmt":"2021-03-11T09:17:54","guid":{"rendered":"https:\/\/inclusioaltemporda.cat\/portal\/?p=7860"},"modified":"2021-03-11T10:23:30","modified_gmt":"2021-03-11T09:23:30","slug":"programacio-dels-cursos-dacollida-a-lalt-emporda-2021","status":"publish","type":"post","link":"https:\/\/inclusioaltemporda.cat\/portal\/programacio-dels-cursos-dacollida-a-lalt-emporda-2021\/","title":{"rendered":"Programaci\u00f3 dels cursos d&#8217;acollida a l&#8217;Alt Empord\u00e0 2021"},"content":{"rendered":"<p>L&#8217;Equip d\u2019Inclusi\u00f3 i Atenci\u00f3 a la Comunitat del Consell Comarcal de l\u2019Alt Empord\u00e0 ha programat el conjunt de cursos de primera acollida adre\u00e7ats a persones migrants de la comarca per a l\u2019any 2021.<\/p>\n<p>Durant aquest any hi ha prevista la realitzaci\u00f3 de 17 cursos de primera acollida en diferents municipis de la comarca. Aquests cursos estan oberts a tota la ciutadania que necessiti obtenir el certificat d\u2019acollida previst en la Llei d\u2019acollida de persones immigrades i les retornades a Catalunya.<br \/>\nPer poder obtenir el certificat d\u2019acollida cal acreditar la participaci\u00f3 en tres m\u00f2duls de formaci\u00f3: un m\u00f2dul (A) per aprendre catal\u00e0 i castell\u00e0 amb un m\u00ednim de 90 hores de formaci\u00f3 en cadascuna de les dues lleng\u00fces oficials, un m\u00f2dul (B) sobre coneixements laborals amb una durada m\u00ednima de 15 hores i un tercer m\u00f2dul (C) sobre coneixement de la societat catalana i del seu marc jur\u00eddic amb un m\u00ednim de 15 hores.<\/p>\n<p>Els cursos d\u2019acollida previstos per aquest any estan organitzats i impartits directament pels professionals de l\u2019Equip d\u2019Inclusi\u00f3 i Atenci\u00f3 a la Comunitat i la Fundaci\u00f3 Gentis i comptaran amb la participaci\u00f3 de professionals de serveis p\u00fablics presents als municipis dels \u00e0mbits sanitari, educatiu, de la seguretat ciutadana, l\u2019atenci\u00f3 ciutadana, els serveis socials, la formaci\u00f3 d\u2019adults, l\u2019atenci\u00f3 a la diversitat i l\u2019acci\u00f3 comunit\u00e0ria, que facilitaran informaci\u00f3 de primera m\u00e0 sobre el funcionament dels serveis i recursos existents al municipi i a la comarca.<\/p>\n<p>Els cursos vinents d\u2019acollida previstos estan organitzats per la Fundaci\u00f3 Gentis i s\u2019impartiran en les dates i municipis seg\u00fcents:<\/p>\n<p>&nbsp;<\/p>\n<table width=\"605\" cellspacing=\"0\" cellpadding=\"4\">\n<colgroup>\n<col width=\"155\" \/>\n<col width=\"106\" \/>\n<col width=\"76\" \/>\n<col width=\"236\" \/> <\/colgroup>\n<tbody>\n<tr>\n<td width=\"155\">TIPUS M\u00d2DUL<\/td>\n<td width=\"106\">MUNICIPI<\/td>\n<td width=\"76\">DATA INICI<\/td>\n<td width=\"236\">DATA FINAL<\/td>\n<\/tr>\n<tr>\n<td width=\"155\">A, B, C<\/td>\n<td width=\"106\">L\u2019Escala<\/td>\n<td width=\"76\">04\/02\/21<\/td>\n<td width=\"236\">08\/04\/21<\/td>\n<\/tr>\n<tr>\n<td width=\"155\">A, B, C, D, E<\/td>\n<td width=\"106\">Roses<\/td>\n<td width=\"76\">22\/02\/21<\/td>\n<td width=\"236\">30\/04\/21<\/td>\n<\/tr>\n<tr>\n<td width=\"155\">A, B, C<\/td>\n<td width=\"106\">Sant Pere Pescador<\/td>\n<td width=\"76\">01\/03\/21<\/td>\n<td width=\"236\">23\/04\/21<\/td>\n<\/tr>\n<tr>\n<td width=\"155\">A, B, C, D, E<\/td>\n<td width=\"106\">Sant Pere Pescador<\/td>\n<td width=\"76\">01\/03\/21<\/td>\n<td width=\"236\">07\/05\/21<\/td>\n<\/tr>\n<tr>\n<td width=\"155\">A, B, C<\/td>\n<td width=\"106\">Castell\u00f3 d\u2019Emp\u00faries<\/td>\n<td width=\"76\">12\/04\/21<\/td>\n<td width=\"236\">04\/06\/21<\/td>\n<\/tr>\n<\/tbody>\n<\/table>\n<p>&nbsp;<\/p>\n<p>Per a m\u00e9s informaci\u00f3 la ciutadania es pot adre\u00e7ar a l\u2019Equip d\u2019inclusi\u00f3 i Atenci\u00f3 a la Comunitat del Consell Comarcal de l\u2019Alt Empord\u00e0 (Telf. 972.67.70.50; correu electr\u00f2nic: inclusio@altemporda.cat). Aquestes activitats compten amb el finan\u00e7ament del Fons Social Europeu i el suport de la Secretaria d\u2019Igualtat, Migracions i Ciutadania de la Generalitat de Catalunya i els ajuntaments de la comarca.<\/p>\n","protected":false},"excerpt":{"rendered":"<p>L&#8217;Equip d\u2019Inclusi\u00f3 i Atenci\u00f3 a la Comunitat del Consell Comarcal de l\u2019Alt Empord\u00e0 ha programat el conjunt de cursos de primera acollida adre\u00e7ats a persones migrants de la comarca per a l\u2019any 2021<\/p>\n","protected":false},"author":2,"featured_media":7447,"comment_status":"closed","ping_status":"closed","sticky":false,"template":"","format":"standard","meta":{"footnotes":""},"categories":[106,33,100,101,1,108],"tags":[],"class_list":["post-7860","post","type-post","status-publish","format-standard","has-post-thumbnail","hentry","category-administracions","category-agenda","category-area-benestar","category-ciutadania","category-general","category-mitjans-comunicacio","category-106","category-33","category-100","category-101","category-1","category-108","description-off"],"_links":{"self":[{"href":"https:\/\/inclusioaltemporda.cat\/portal\/wp-json\/wp\/v2\/posts\/7860","targetHints":{"allow":["GET"]}}],"collection":[{"href":"https:\/\/inclusioaltemporda.cat\/portal\/wp-json\/wp\/v2\/posts"}],"about":[{"href":"https:\/\/inclusioaltemporda.cat\/portal\/wp-json\/wp\/v2\/types\/post"}],"author":[{"embeddable":true,"href":"https:\/\/inclusioaltemporda.cat\/portal\/wp-json\/wp\/v2\/users\/2"}],"replies":[{"embeddable":true,"href":"https:\/\/inclusioaltemporda.cat\/portal\/wp-json\/wp\/v2\/comments?post=7860"}],"version-history":[{"count":4,"href":"https:\/\/inclusioaltemporda.cat\/portal\/wp-json\/wp\/v2\/posts\/7860\/revisions"}],"predecessor-version":[{"id":7864,"href":"https:\/\/inclusioaltemporda.cat\/portal\/wp-json\/wp\/v2\/posts\/7860\/revisions\/7864"}],"wp:featuredmedia":[{"embeddable":true,"href":"https:\/\/inclusioaltemporda.cat\/portal\/wp-json\/wp\/v2\/media\/7447"}],"wp:attachment":[{"href":"https:\/\/inclusioaltemporda.cat\/portal\/wp-json\/wp\/v2\/media?parent=7860"}],"wp:term":[{"taxonomy":"category","embeddable":true,"href":"https:\/\/inclusioaltemporda.cat\/portal\/wp-json\/wp\/v2\/categories?post=7860"},{"taxonomy":"post_tag","embeddable":true,"href":"https:\/\/inclusioaltemporda.cat\/portal\/wp-json\/wp\/v2\/tags?post=7860"}],"curies":[{"name":"wp","href":"https:\/\/api.w.org\/{rel}","templated":true}]}}