{"id":7868,"date":"2021-04-06T08:09:59","date_gmt":"2021-04-06T07:09:59","guid":{"rendered":"https:\/\/inclusioaltemporda.cat\/portal\/?p=7868"},"modified":"2021-04-06T08:11:17","modified_gmt":"2021-04-06T07:11:17","slug":"mes-de-60-professionals-i-voluntaris-dentitats-participen-a-la-jornada-de-formacio-per-a-entitats-i-voluntariat-de-lalt-emporda","status":"publish","type":"post","link":"https:\/\/inclusioaltemporda.cat\/portal\/mes-de-60-professionals-i-voluntaris-dentitats-participen-a-la-jornada-de-formacio-per-a-entitats-i-voluntariat-de-lalt-emporda\/","title":{"rendered":"\u00c8xit de participaci\u00f3 a la Jornada de Formaci\u00f3 per a entitats i voluntariat"},"content":{"rendered":"<p>El passat 19 de mar\u00e7 es va celebrar la setena edici\u00f3 de la Jornada de formaci\u00f3 per a entitats i voluntariat, que anualment organitzen la Taula d&#8217;Inclusi\u00f3 Social de l\u2019Alt Empord\u00e0 i el Consell Comarcal.<\/p>\n<p>Enguany la jornada de formaci\u00f3 va centrar l\u2019atenci\u00f3 en els reptes que planteja de l\u2019acci\u00f3 comunit\u00e0ria en temps de pand\u00e8mia per a les entitats i els projectes que aquestes desenvolupen.<\/p>\n<p>La sessi\u00f3, impartida i dinamitzada per la Cl\u00e0udia Many\u00e0 Aragay, Diplomada en Educaci\u00f3 Social per la UB i M\u00e0ster Oficial Interuniversitari en Estudis de Dones, G\u00e8nere i Ciutadania, va generar un espai de reflexi\u00f3 entorn els reptes que la situaci\u00f3 de pand\u00e8mia est\u00e0 plantejant per a la intervenci\u00f3 comunit\u00e0ria i alhora les oportunitats que aquesta obre. En relaci\u00f3 a aquesta \u00faltima q\u00fcesti\u00f3 es va plantejar la necessitat de tenir presents els elements claus que defineixen l\u2019acci\u00f3 comunit\u00e0ria a l\u2019hora de plantejar les accions, malgrat el context actual: la implicaci\u00f3 activa de les persones de la comunitat, l\u2019enfortiment dels vincles comunitaris i democr\u00e0tics, i les relacions de cooperaci\u00f3 i incid\u00e8ncia en la comunitat dels projectes.<\/p>\n<p>L\u2019edici\u00f3 d\u2019enguany, que es va celebrar de forma telem\u00e0tica, va comptar amb la participaci\u00f3 de m\u00e9s de 60 professionals i persones volunt\u00e0ries d\u2019entitats del tercer sector i ajuntaments provinents principalment de les Comarques Gironines.<\/p>\n","protected":false},"excerpt":{"rendered":"<p>El passat 19 de mar\u00e7 es va celebrar la setena edici\u00f3 de la Jornada de formaci\u00f3 per a entitats i voluntariat, que anualment organitzen la Taula d&#8217;Inclusi\u00f3 Social de l\u2019Alt Empord\u00e0 i el Consell Comarcal.<\/p>\n","protected":false},"author":2,"featured_media":7870,"comment_status":"closed","ping_status":"closed","sticky":false,"template":"","format":"standard","meta":{"footnotes":""},"categories":[106,100,126,104,103,1,108,11],"tags":[],"class_list":["post-7868","post","type-post","status-publish","format-standard","has-post-thumbnail","hentry","category-administracions","category-area-benestar","category-covid-19","category-entitats-socials","category-estudiants-escoles-instituts","category-general","category-mitjans-comunicacio","category-taula-inclusio","category-106","category-100","category-126","category-104","category-103","category-1","category-108","category-11","description-off"],"_links":{"self":[{"href":"https:\/\/inclusioaltemporda.cat\/portal\/wp-json\/wp\/v2\/posts\/7868","targetHints":{"allow":["GET"]}}],"collection":[{"href":"https:\/\/inclusioaltemporda.cat\/portal\/wp-json\/wp\/v2\/posts"}],"about":[{"href":"https:\/\/inclusioaltemporda.cat\/portal\/wp-json\/wp\/v2\/types\/post"}],"author":[{"embeddable":true,"href":"https:\/\/inclusioaltemporda.cat\/portal\/wp-json\/wp\/v2\/users\/2"}],"replies":[{"embeddable":true,"href":"https:\/\/inclusioaltemporda.cat\/portal\/wp-json\/wp\/v2\/comments?post=7868"}],"version-history":[{"count":3,"href":"https:\/\/inclusioaltemporda.cat\/portal\/wp-json\/wp\/v2\/posts\/7868\/revisions"}],"predecessor-version":[{"id":7873,"href":"https:\/\/inclusioaltemporda.cat\/portal\/wp-json\/wp\/v2\/posts\/7868\/revisions\/7873"}],"wp:featuredmedia":[{"embeddable":true,"href":"https:\/\/inclusioaltemporda.cat\/portal\/wp-json\/wp\/v2\/media\/7870"}],"wp:attachment":[{"href":"https:\/\/inclusioaltemporda.cat\/portal\/wp-json\/wp\/v2\/media?parent=7868"}],"wp:term":[{"taxonomy":"category","embeddable":true,"href":"https:\/\/inclusioaltemporda.cat\/portal\/wp-json\/wp\/v2\/categories?post=7868"},{"taxonomy":"post_tag","embeddable":true,"href":"https:\/\/inclusioaltemporda.cat\/portal\/wp-json\/wp\/v2\/tags?post=7868"}],"curies":[{"name":"wp","href":"https:\/\/api.w.org\/{rel}","templated":true}]}}