{"id":7875,"date":"2021-04-08T09:37:18","date_gmt":"2021-04-08T08:37:18","guid":{"rendered":"https:\/\/inclusioaltemporda.cat\/portal\/?p=7875"},"modified":"2021-04-09T06:55:55","modified_gmt":"2021-04-09T05:55:55","slug":"formacio-per-ajudar-a-la-deteccio-i-intervencio-en-casos-de-trafic-dessers-humans","status":"publish","type":"post","link":"https:\/\/inclusioaltemporda.cat\/portal\/formacio-per-ajudar-a-la-deteccio-i-intervencio-en-casos-de-trafic-dessers-humans\/","title":{"rendered":"Formaci\u00f3 per ajudar a la detecci\u00f3 i intervenci\u00f3 en casos de tr\u00e0fic d\u2019\u00e9ssers humans"},"content":{"rendered":"<p class=\"western\">Els SIAD de l\u2019Ajuntament de Figueres, el del Consell Comarcal de l\u2019Alt Empord\u00e0 i la comissi\u00f3 de Prostituci\u00f3 de la Jonquera han convocat una formaci\u00f3 que s\u2019inclou en el projecte #TambeEsTrafic que vol protegir les v\u00edctimes de tr\u00e0fic d\u2019\u00e9ssers humans sigui quina sigui la finalitat de l\u2019explotaci\u00f3.<\/p>\n<p class=\"western\">L\u2019acci\u00f3 formativa, que compta amb m\u00e9s de 100 participants, anir\u00e0 a c\u00e0rrec de la coordinadora de Relacions Institucionals i Incid\u00e8ncia de SICARcat i constar\u00e0 d\u2019un programa de quatre m\u00f2duls focalitzats en unes tem\u00e0tiques molt concretes, com el tr\u00e0fic per a matrimonis for\u00e7ats, per a criminalitat for\u00e7ada, per explotaci\u00f3 laboral en l\u2019\u00e0mbit de la cura i la llar i en la inf\u00e0ncia.<\/p>\n<p class=\"western\">L\u2019objectiu fonamental d\u2019aquesta proposta \u00e9s aproximar el fenomen del tr\u00e0fic de persones als professionals que poden tenir un paper clau en la prevenci\u00f3 i detecci\u00f3 de possibles v\u00edctimes aix\u00ed com dotar-los de coneixements espec\u00edfics. El curs vol establir indicadors de sospita per a cada finalitat d\u2019explotaci\u00f3 i donar a con\u00e8ixer els protocols de coordinaci\u00f3 interinstitucional i els canals de derivaci\u00f3 amb entitats especialitzades en tr\u00e0fic d\u2019\u00e9ssers humans. Les sessions es realitzaran del 13 d\u2019abril al 21 de maig<\/p>\n<p class=\"western\"><strong>SPEAKING OUT: #TambeEsTrafic<\/strong><\/p>\n<p class=\"western\">Aquest projecte SPEAKING OUT: #TambeEsTrafic vol influir sobre la normativa, les pol\u00edtiques p\u00fabliques i els protocols d\u2019actuaci\u00f3 contra el Tr\u00e0fic d&#8217;\u00c9ssers Humans a Espanya, amb l&#8217;objectiu de garantir la protecci\u00f3 i l \u0301acc\u00e9s a drets de les dones v\u00edctimes de tr\u00e0fic per a diverses finalitats d&#8217;explotaci\u00f3 (en treballs o serveis for\u00e7ats en el treball de la llar i de les cures i, per a la criminalitat for\u00e7ada i per als matrimonis for\u00e7ats), que han estat invisibilitzades i infradetectades.<\/p>\n<p class=\"western\">L&#8217;objectiu final \u00e9s aconseguir que l&#8217;aplicaci\u00f3 del est\u00e0ndards de drets humans per a les v\u00edctimes de totes les finalitatsde Tr\u00e0fic d&#8217;\u00c9ssers Humans esdevingui una realitat a l \u0301Estat espanyol.<\/p>\n<p>Per a inscripcions a la formaci\u00f3, podeu clicar <a href=\"https:\/\/docs.google.com\/forms\/d\/e\/1FAIpQLSdZIeHVBbnk4lYC6c-d1Tt1g1rSpc-fXavEorSYZ0IufxQ9Mg\/viewform\">aqu\u00ed<\/a>.<\/p>\n","protected":false},"excerpt":{"rendered":"<p>Els SIAD de l\u2019Ajuntament de Figueres, el del Consell Comarcal de l\u2019Alt Empord\u00e0 i la comissi\u00f3 de Prostituci\u00f3 de la Jonquera han convocat una formaci\u00f3 que s\u2019inclou en el projecte #TambeEsTrafic que vol protegir les v\u00edctimes de tr\u00e0fic d\u2019\u00e9ssers humans sigui quina sigui la finalitat de l\u2019explotaci\u00f3.<\/p>\n","protected":false},"author":2,"featured_media":7879,"comment_status":"closed","ping_status":"closed","sticky":false,"template":"","format":"standard","meta":{"footnotes":""},"categories":[106,33,100,104,1,12,102],"tags":[],"class_list":["post-7875","post","type-post","status-publish","format-standard","has-post-thumbnail","hentry","category-administracions","category-agenda","category-area-benestar","category-entitats-socials","category-general","category-pla-dinclusio-2","category-professionals-ambit-social","category-106","category-33","category-100","category-104","category-1","category-12","category-102","description-off"],"_links":{"self":[{"href":"https:\/\/inclusioaltemporda.cat\/portal\/wp-json\/wp\/v2\/posts\/7875","targetHints":{"allow":["GET"]}}],"collection":[{"href":"https:\/\/inclusioaltemporda.cat\/portal\/wp-json\/wp\/v2\/posts"}],"about":[{"href":"https:\/\/inclusioaltemporda.cat\/portal\/wp-json\/wp\/v2\/types\/post"}],"author":[{"embeddable":true,"href":"https:\/\/inclusioaltemporda.cat\/portal\/wp-json\/wp\/v2\/users\/2"}],"replies":[{"embeddable":true,"href":"https:\/\/inclusioaltemporda.cat\/portal\/wp-json\/wp\/v2\/comments?post=7875"}],"version-history":[{"count":3,"href":"https:\/\/inclusioaltemporda.cat\/portal\/wp-json\/wp\/v2\/posts\/7875\/revisions"}],"predecessor-version":[{"id":7882,"href":"https:\/\/inclusioaltemporda.cat\/portal\/wp-json\/wp\/v2\/posts\/7875\/revisions\/7882"}],"wp:featuredmedia":[{"embeddable":true,"href":"https:\/\/inclusioaltemporda.cat\/portal\/wp-json\/wp\/v2\/media\/7879"}],"wp:attachment":[{"href":"https:\/\/inclusioaltemporda.cat\/portal\/wp-json\/wp\/v2\/media?parent=7875"}],"wp:term":[{"taxonomy":"category","embeddable":true,"href":"https:\/\/inclusioaltemporda.cat\/portal\/wp-json\/wp\/v2\/categories?post=7875"},{"taxonomy":"post_tag","embeddable":true,"href":"https:\/\/inclusioaltemporda.cat\/portal\/wp-json\/wp\/v2\/tags?post=7875"}],"curies":[{"name":"wp","href":"https:\/\/api.w.org\/{rel}","templated":true}]}}