{"id":7883,"date":"2021-04-15T12:13:57","date_gmt":"2021-04-15T11:13:57","guid":{"rendered":"https:\/\/inclusioaltemporda.cat\/portal\/?p=7883"},"modified":"2021-04-15T12:15:13","modified_gmt":"2021-04-15T11:15:13","slug":"en-marxa-un-nou-projecte-de-cooperacio-transfronterera","status":"publish","type":"post","link":"https:\/\/inclusioaltemporda.cat\/portal\/en-marxa-un-nou-projecte-de-cooperacio-transfronterera\/","title":{"rendered":"En marxa un nou projecte de cooperaci\u00f3 transfronterera"},"content":{"rendered":"<p>L\u2019\u00e0rea de Benestar del Consell Comarcal de l&#8217;Alt Empord\u00e0 est\u00e0 treballant en un nou projecte de cooperaci\u00f3 transfronterera orientat a facilitar la cooperaci\u00f3 i el treball conjunt entre agents d\u2019acollida i acompanyament de dones migrades a l\u2019Espai Catal\u00e0 Transfronterer.<\/p>\n<p>Aquest projecte, finan\u00e7at per la convocat\u00f2ria de subvencions Eurodistricte de la Casa de la Generalitat a Perpiny\u00e0, s\u2019est\u00e0 portant a terme conjuntament amb l\u2019associaci\u00f3 Secours Catholique de Perpiny\u00e0.<\/p>\n<p>Els objectius del projecte s\u00f3n refor\u00e7ar el diagn\u00f2stic social transfronterer que es va fer el 2016, ampliant el coneixement sobre la situaci\u00f3 i necessitats de les dones migrades a banda i banda de la frontera; con\u00e8ixer les entitats i associacions que treballen en l\u2019acollida i acompanyament de les dones migrades i potenciar la creaci\u00f3 d\u2019una xarxa de suport transfronterer en aquesta direcci\u00f3.<\/p>\n<p>Les condicions sanit\u00e0ries i les mesures de prevenci\u00f3 de la COVID han condicionat el format d\u2019aquest projecte transfronterer que s\u2019ha desplegat mitjan\u00e7ant diverses videoconfer\u00e8ncies amb el soci franc\u00e8s, per con\u00e8ixer la diversitat de situacions en qu\u00e8 viuen les dones migrades a banda i banda de la frontera i comen\u00e7ar a detectar el conjunt d\u2019entitats socials de suport.<\/p>\n<p>En aquest projecte ha participat l\u2019associaci\u00f3 Amunt i Crits Dones Referents Comunit\u00e0ries de l\u2019Alt Empord\u00e0 dinamitzant sessions de treball amb un grup de dones migrades de l\u2019associaci\u00f3 francesa Secours Catholique i les entitats Fundaci\u00f3 Sergi, la Fundaci\u00f3 Sant Vicen\u00e7 de Pa\u00fcl-Ksameu i Creu Roja La Jonquera. Els socis francesos han establert xarxa amb diverses associacions dels Pirineus Orientals com la Cimade, Secours Populaire, Femme Solidaire, Welcome 66 i ASTI 66, entre d\u2019altres.<\/p>\n<p>El mes de juny s\u2019organitzar\u00e0 un\u00a0<em>webinar<\/em>\u00a0obert als professionals i voluntaris d\u2019entitats i associacions de l\u2019espai catal\u00e0 transfronterer que acompanyen dones migrades, per donar a con\u00e8ixer el diagn\u00f2stic portat a terme i el mapeig de les entitats d\u2019acollida i acompanyament de dones migrades a l\u2019espai catal\u00e0 transfronterer.<\/p>\n","protected":false},"excerpt":{"rendered":"<p>L\u2019\u00e0rea de Benestar del Consell Comarcal de l&#8217;Alt Empord\u00e0 est\u00e0 treballant en un nou projecte de cooperaci\u00f3 transfronterera orientat a facilitar la cooperaci\u00f3 i el treball conjunt entre agents d\u2019acollida i acompanyament de dones migrades a l\u2019Espai Catal\u00e0 Transfronterer.<\/p>\n","protected":false},"author":2,"featured_media":7443,"comment_status":"closed","ping_status":"closed","sticky":false,"template":"","format":"standard","meta":{"footnotes":""},"categories":[106,100,104,1,102,111,115],"tags":[],"class_list":["post-7883","post","type-post","status-publish","format-standard","has-post-thumbnail","hentry","category-administracions","category-area-benestar","category-entitats-socials","category-general","category-professionals-ambit-social","category-projectes-internacionals","category-projectes-transfronterers","category-106","category-100","category-104","category-1","category-102","category-111","category-115","description-off"],"_links":{"self":[{"href":"https:\/\/inclusioaltemporda.cat\/portal\/wp-json\/wp\/v2\/posts\/7883","targetHints":{"allow":["GET"]}}],"collection":[{"href":"https:\/\/inclusioaltemporda.cat\/portal\/wp-json\/wp\/v2\/posts"}],"about":[{"href":"https:\/\/inclusioaltemporda.cat\/portal\/wp-json\/wp\/v2\/types\/post"}],"author":[{"embeddable":true,"href":"https:\/\/inclusioaltemporda.cat\/portal\/wp-json\/wp\/v2\/users\/2"}],"replies":[{"embeddable":true,"href":"https:\/\/inclusioaltemporda.cat\/portal\/wp-json\/wp\/v2\/comments?post=7883"}],"version-history":[{"count":1,"href":"https:\/\/inclusioaltemporda.cat\/portal\/wp-json\/wp\/v2\/posts\/7883\/revisions"}],"predecessor-version":[{"id":7884,"href":"https:\/\/inclusioaltemporda.cat\/portal\/wp-json\/wp\/v2\/posts\/7883\/revisions\/7884"}],"wp:featuredmedia":[{"embeddable":true,"href":"https:\/\/inclusioaltemporda.cat\/portal\/wp-json\/wp\/v2\/media\/7443"}],"wp:attachment":[{"href":"https:\/\/inclusioaltemporda.cat\/portal\/wp-json\/wp\/v2\/media?parent=7883"}],"wp:term":[{"taxonomy":"category","embeddable":true,"href":"https:\/\/inclusioaltemporda.cat\/portal\/wp-json\/wp\/v2\/categories?post=7883"},{"taxonomy":"post_tag","embeddable":true,"href":"https:\/\/inclusioaltemporda.cat\/portal\/wp-json\/wp\/v2\/tags?post=7883"}],"curies":[{"name":"wp","href":"https:\/\/api.w.org\/{rel}","templated":true}]}}