{"id":7886,"date":"2021-04-21T10:08:49","date_gmt":"2021-04-21T09:08:49","guid":{"rendered":"https:\/\/inclusioaltemporda.cat\/portal\/?p=7886"},"modified":"2021-04-21T10:14:01","modified_gmt":"2021-04-21T09:14:01","slug":"resultats-aprenentatges-i-coneixements-generats-pel-projecte-prospectsaso","status":"publish","type":"post","link":"https:\/\/inclusioaltemporda.cat\/portal\/resultats-aprenentatges-i-coneixements-generats-pel-projecte-prospectsaso\/","title":{"rendered":"Resultats, aprenentatges i coneixements generats pel projecte Prospectsaso"},"content":{"rendered":"<p>L\u2019\u00e0rea de Benestar del Consell Comarcal de l\u2019Alt Empord\u00e0 ha format part del partenariat del projecte Prospectsaso, Prospectiva transfronterera sanit\u00e0ria i social, que s\u2019ha desplegat en el per\u00edode 2016-2020 i que ha estat liderat per la Universitat de Perpiny\u00e0. Aquest projecte ha comptat amb un 65% de finan\u00e7ament del Fons Europeu de Desenvolupament Regional (FEDER), a trav\u00e9s del programa Interreg V-A Espanya-Fran\u00e7a-Andorra (POCTEFA 2014-2020).<\/p>\n<p>Amb la voluntat de recollir els principals resultats, aprenentatges i coneixements generats per aquest projecte, l\u2019\u00e0rea de Benestar ha editat un document de balan\u00e7 que recull les principals reflexions dels diversos professionals dels equips que hi han participat.<\/p>\n<p>El projecte Prospectsaso ha perm\u00e8s refor\u00e7ar la professionalitzaci\u00f3 de l\u2019\u00e0mbit social i sanitari en l\u2019espai transfronterer franco-catal\u00e0 i la seva extensi\u00f3 a les \u00e0rees de Barcelona i Toulouse a partir d\u2019un treball en xarxa fet entre diferents socis.<\/p>\n<p>La finalitat del projecte ha estat millorar el coneixement sobre la realitat social i sanit\u00e0ria transfronterera i els efectes frontera en p\u00fablics m\u00e9s vulnerables (persones en situaci\u00f3 de risc d\u2019exclusi\u00f3 social, infants en risc, persones en situaci\u00f3 de discriminaci\u00f3, persones grans o persones amb diversitat funcional, persones migrades, entre d\u2019altres), per tal de respondre adequadament a les necessitats socials que presenta el nostre territori.<\/p>\n<p>Amb aquesta finalitat, el projecte ha refor\u00e7at l\u2019intercanvi de coneixement entre socis, ha perm\u00e8s reflexionar sobre problem\u00e0tiques socials emergents en el territori transfronterer i compartir bones pr\u00e0ctiques i metodologies de treball entre professionals de la intervenci\u00f3 social i sanit\u00e0ria.<\/p>\n<p>Diversos equips de l\u2019\u00e0rea de Benestar han liderat activitats del projecte centrades en la capacitaci\u00f3 parental i les fam\u00edlies, en la prevenci\u00f3 del maltractament en les persones grans i en l\u2019acollida de les persones d\u2019origen migrant.<\/p>\n<p>Si teniu inter\u00e8s a con\u00e8ixer les reflexions fetes pels i les professionals de l\u2019\u00e0rea de Benestar sobre els resultats, aprenentatges i coneixements generats pel projecte Prospectsaso, ho podeu fer en el seg\u00fcents adjunts:<\/p>\n<p>&nbsp;<\/p>\n<p><a href=\"https:\/\/inclusioaltemporda.cat\/portal\/wp-content\/uploads\/Doc_CAT_baixa_pag.pdf\">Document de balan\u00e7 &#8211; en catal\u00e0<\/a><\/p>\n<p><a href=\"https:\/\/inclusioaltemporda.cat\/portal\/wp-content\/uploads\/Doc_FR_baixa_pag.pdf\">Document de balan\u00e7 &#8211; en franc\u00e8s<\/a><\/p>\n","protected":false},"excerpt":{"rendered":"<p>L\u2019\u00e0rea de Benestar del Consell Comarcal de l\u2019Alt Empord\u00e0 ha format part del partenariat del projecte Prospectsaso, Prospectiva transfronterera sanit\u00e0ria i social, que s\u2019ha desplegat en el per\u00edode 2016-2020 i que ha estat liderat per la Universitat de Perpiny\u00e0. <\/p>\n","protected":false},"author":2,"featured_media":7890,"comment_status":"closed","ping_status":"closed","sticky":false,"template":"","format":"standard","meta":{"footnotes":""},"categories":[106,100,107,104,1,12,111,115],"tags":[],"class_list":["post-7886","post","type-post","status-publish","format-standard","has-post-thumbnail","hentry","category-administracions","category-area-benestar","category-centres-recerca-universitats","category-entitats-socials","category-general","category-pla-dinclusio-2","category-projectes-internacionals","category-projectes-transfronterers","category-106","category-100","category-107","category-104","category-1","category-12","category-111","category-115","description-off"],"_links":{"self":[{"href":"https:\/\/inclusioaltemporda.cat\/portal\/wp-json\/wp\/v2\/posts\/7886","targetHints":{"allow":["GET"]}}],"collection":[{"href":"https:\/\/inclusioaltemporda.cat\/portal\/wp-json\/wp\/v2\/posts"}],"about":[{"href":"https:\/\/inclusioaltemporda.cat\/portal\/wp-json\/wp\/v2\/types\/post"}],"author":[{"embeddable":true,"href":"https:\/\/inclusioaltemporda.cat\/portal\/wp-json\/wp\/v2\/users\/2"}],"replies":[{"embeddable":true,"href":"https:\/\/inclusioaltemporda.cat\/portal\/wp-json\/wp\/v2\/comments?post=7886"}],"version-history":[{"count":2,"href":"https:\/\/inclusioaltemporda.cat\/portal\/wp-json\/wp\/v2\/posts\/7886\/revisions"}],"predecessor-version":[{"id":7892,"href":"https:\/\/inclusioaltemporda.cat\/portal\/wp-json\/wp\/v2\/posts\/7886\/revisions\/7892"}],"wp:featuredmedia":[{"embeddable":true,"href":"https:\/\/inclusioaltemporda.cat\/portal\/wp-json\/wp\/v2\/media\/7890"}],"wp:attachment":[{"href":"https:\/\/inclusioaltemporda.cat\/portal\/wp-json\/wp\/v2\/media?parent=7886"}],"wp:term":[{"taxonomy":"category","embeddable":true,"href":"https:\/\/inclusioaltemporda.cat\/portal\/wp-json\/wp\/v2\/categories?post=7886"},{"taxonomy":"post_tag","embeddable":true,"href":"https:\/\/inclusioaltemporda.cat\/portal\/wp-json\/wp\/v2\/tags?post=7886"}],"curies":[{"name":"wp","href":"https:\/\/api.w.org\/{rel}","templated":true}]}}