{"id":7905,"date":"2021-05-11T09:04:48","date_gmt":"2021-05-11T08:04:48","guid":{"rendered":"https:\/\/inclusioaltemporda.cat\/portal\/?p=7905"},"modified":"2021-05-11T09:06:03","modified_gmt":"2021-05-11T08:06:03","slug":"creen-la-taula-de-salut-comunitaria-de-sant-pere-pescador","status":"publish","type":"post","link":"https:\/\/inclusioaltemporda.cat\/portal\/creen-la-taula-de-salut-comunitaria-de-sant-pere-pescador\/","title":{"rendered":"Creen la Taula de Salut Comunit\u00e0ria de Sant Pere Pescador"},"content":{"rendered":"<p>La Taula de Salut Comunit\u00e0ria de Sant Pere Pescador, endegada pel Consell Comarcal de l\u2019Alt Empord\u00e0, l\u2019Ajuntament del municipi i l\u2019ABS l\u2019Escala, es va reunir el passat divendres 30 d\u2019abril per primera vegada, de forma telem\u00e0tica, amb diferents agents relacionats amb la salut. La iniciativa es va comen\u00e7ar a gestar abans de la pand\u00e8mia de la Covid-19 amb les reunions setmanals que duen a terme professionals del consistori, l\u2019\u00e0rea d\u2019acci\u00f3 comunit\u00e0ria del CCAE i el consultori local del municipi. Amb la constituci\u00f3 d\u2019aquesta taula es vol formalitzar tota aquesta feina, a la vegada que la primera reuni\u00f3 va servir per exposar els principals resultats en l\u2019\u00e0mbit de la salut del diagn\u00f2stic realitzat pels t\u00e8cnics comunitaris.<\/p>\n<p>L\u2019objectiu d\u2019aquesta taula \u00e9s identificar les necessitats i fortaleses de la comunitat i aix\u00ed poder engegar o potenciar actuacions que reverteixin en la millora de la salut de la poblaci\u00f3. I garanteix tenir un espai de debat i abordatge a partir de la identificaci\u00f3 de diferents problem\u00e0tiques afecten el municipi. Cal tenir en compte que els efectes de l\u2019a\u00efllament i les restriccions de la pand\u00e8mia han fet encara m\u00e9s necessari un \u00f2rgan com aquest.<\/p>\n<p>El conseller comarcal delegat de Benestar Social, \u00c0lex Hern\u00e1ndez, explica que iniciatives com aquesta \u00abs\u00f3n molt importants perqu\u00e8 adapten, encara m\u00e9s, l\u2019atenci\u00f3 social a les necessitats de cada municipi. Els usuaris i agents importants del municipi participen activament dels projectes\u00bb.<\/p>\n<p>Per la seva banda, la directora de l\u2019ABS l\u2019Escala, Marta Pedrerol, concreta que \u201cser\u00e0 un espai de debat multidisciplinari de situacions i problemes que tenen un abordatge totalment transversal, que es poden identificar a trav\u00e9s del sistema de salut i que poden repercutir en l\u2019estat de salut de la persona\u201d.<\/p>\n<p>Han participat de la sessi\u00f3 els t\u00e8cnics i t\u00e8cniques comunit\u00e0ries que treballen a Sant Pere Pescador, el metge Enric Pous, del consultori local de Sant Pere Pescador \u2013de l\u2019\u00c0rea B\u00e0sica de Salut de l\u2019Escala\u2013, aix\u00ed com professionals de l\u2019Ag\u00e8ncia de Salut P\u00fablica de Catalunya, el Dipsalut, els centres educatius (escola Llagut i Centre Escolar Empord\u00e0), l\u2019\u00c0rea de Benestar i l\u2019Equip d\u2019Inclusi\u00f3 i Atenci\u00f3 a la Comunitat del Consell Comarcal. Tamb\u00e9 va comptar amb la pres\u00e8ncia d\u2019empresaris del territori.<\/p>\n<p>Un cop presentada aquesta primera diagnosi, la Taula funcionar\u00e0 a partir del grup motor format per la unitat b\u00e0sica assistencial del consultori local de Sant Pere (el metge Enric Pous, la infermera Gemma Llombart i l\u2019administrativa Anna S\u00e1nchez), la regidora de Benestar, Salut i Gent Gran de l\u2019Ajuntament de Sant Pere Pescador, Esperan\u00e7a Font, i l&#8217;equip d&#8217;acci\u00f3 comunit\u00e0ria del Consell Comarcal, el qual treballa el municipi.<\/p>\n<p>A les reunions peri\u00f2diques que han anat fent, ja han tractat les necessitats detectades a Sant Pere, com l\u2019acollida de temporers durant la campanya d\u2019estiu o la prevenci\u00f3 de situacions d\u2019a\u00efllament en la gent gran a causa del confinament de la Covid-19. Paral\u00b7lelament es definiran diversos grups de treball per sectors poblacionals per facilitar la creaci\u00f3 de nom\u00e9s l\u00ednies d\u2019acci\u00f3.<\/p>\n<p>L\u2019equip d\u2019acci\u00f3 comunit\u00e0ria del municipi est\u00e0 realitzant una diagnosi fent servir t\u00e8cniques quantitatives extretes d\u2019entrevistes a diferents agents dels municipis. Aquests valors que s\u2019organitzen en cinc \u00e0mbits \u00adcontext demogr\u00e0fic, risc d\u2019exclusi\u00f3 social, \u00e0mbit educatiu, \u00e0mbit laboral, habitatge, participaci\u00f3 i associacionisme i salut\u00ad propiciaran tamb\u00e9 una an\u00e0lisi qualitativa.<\/p>\n<p>Durant la sessi\u00f3 tamb\u00e9 es va explicar el programa \u00abHabiba \u2013 Dones i Salut Comunit\u00e0ria\u00bb, per part de l\u2019Equip d\u2019Inclusi\u00f3 i Atenci\u00f3 a la Comunitat i dinamitzat per l\u2019associaci\u00f3 Amunt i Crits!, que s\u2019est\u00e0 duent a terme tamb\u00e9 al municipi, una experi\u00e8ncia innovadora en salut comunit\u00e0ria a la comarca.<\/p>\n","protected":false},"excerpt":{"rendered":"<p>La Taula de Salut Comunit\u00e0ria de Sant Pere Pescador, endegada pel Consell Comarcal de l\u2019Alt Empord\u00e0, l\u2019Ajuntament del municipi i l\u2019ABS l\u2019Escala, es va reunir el passat divendres 30 d\u2019abril per primera vegada, de forma telem\u00e0tica, amb diferents agents relacionats amb la salut.<\/p>\n","protected":false},"author":2,"featured_media":7906,"comment_status":"closed","ping_status":"closed","sticky":false,"template":"","format":"standard","meta":{"footnotes":""},"categories":[106,100,101,103,1,12,102],"tags":[],"class_list":["post-7905","post","type-post","status-publish","format-standard","has-post-thumbnail","hentry","category-administracions","category-area-benestar","category-ciutadania","category-estudiants-escoles-instituts","category-general","category-pla-dinclusio-2","category-professionals-ambit-social","category-106","category-100","category-101","category-103","category-1","category-12","category-102","description-off"],"_links":{"self":[{"href":"https:\/\/inclusioaltemporda.cat\/portal\/wp-json\/wp\/v2\/posts\/7905","targetHints":{"allow":["GET"]}}],"collection":[{"href":"https:\/\/inclusioaltemporda.cat\/portal\/wp-json\/wp\/v2\/posts"}],"about":[{"href":"https:\/\/inclusioaltemporda.cat\/portal\/wp-json\/wp\/v2\/types\/post"}],"author":[{"embeddable":true,"href":"https:\/\/inclusioaltemporda.cat\/portal\/wp-json\/wp\/v2\/users\/2"}],"replies":[{"embeddable":true,"href":"https:\/\/inclusioaltemporda.cat\/portal\/wp-json\/wp\/v2\/comments?post=7905"}],"version-history":[{"count":2,"href":"https:\/\/inclusioaltemporda.cat\/portal\/wp-json\/wp\/v2\/posts\/7905\/revisions"}],"predecessor-version":[{"id":7908,"href":"https:\/\/inclusioaltemporda.cat\/portal\/wp-json\/wp\/v2\/posts\/7905\/revisions\/7908"}],"wp:featuredmedia":[{"embeddable":true,"href":"https:\/\/inclusioaltemporda.cat\/portal\/wp-json\/wp\/v2\/media\/7906"}],"wp:attachment":[{"href":"https:\/\/inclusioaltemporda.cat\/portal\/wp-json\/wp\/v2\/media?parent=7905"}],"wp:term":[{"taxonomy":"category","embeddable":true,"href":"https:\/\/inclusioaltemporda.cat\/portal\/wp-json\/wp\/v2\/categories?post=7905"},{"taxonomy":"post_tag","embeddable":true,"href":"https:\/\/inclusioaltemporda.cat\/portal\/wp-json\/wp\/v2\/tags?post=7905"}],"curies":[{"name":"wp","href":"https:\/\/api.w.org\/{rel}","templated":true}]}}