{"id":7915,"date":"2021-05-14T08:36:56","date_gmt":"2021-05-14T07:36:56","guid":{"rendered":"https:\/\/inclusioaltemporda.cat\/portal\/?p=7915"},"modified":"2021-05-21T07:54:26","modified_gmt":"2021-05-21T06:54:26","slug":"jornada-final-del-microprojecte-transfronterer-sobre-lacollida-de-dones-migrades","status":"publish","type":"post","link":"https:\/\/inclusioaltemporda.cat\/portal\/jornada-final-del-microprojecte-transfronterer-sobre-lacollida-de-dones-migrades\/","title":{"rendered":"Jornada final del microprojecte transfronterer sobre l&#8217;acollida de dones migrades"},"content":{"rendered":"<p>L\u2019\u00e0rea de Benestar del Consell Comarcal de l\u2019Alt Empord\u00e0 organitza el proper 9 de juny la jornada final del microprojecte transfronterer \u00abXarxa de treball transfronterera per acollir i acompanyar dones migrades a l\u2019Espai Catal\u00e0 Transfronterer\u00bb.<\/p>\n<p>La jornada comptar\u00e0 amb la presentaci\u00f3 del Diagn\u00f2stic sobre la situaci\u00f3 de les dones migrades a l&#8217;Espai Catal\u00e0 Transfronter, elaborat en el marc del microprojecte transfronterer, i d\u2019un espai de treball participatiu per tal de compartir les l\u00ednies de treball transfrontereres futures entre els diferents participants. Podeu consultar el programa aquest <a href=\"https:\/\/inclusioaltemporda.cat\/portal\/wp-content\/uploads\/Programa-Jornada-final-microprojecte-20-21.pdf\">enlla\u00e7<\/a>.<\/p>\n<p>La jornada es celebrar\u00e0 en format telem\u00e0tic de 9:30 a 11:30h. Per a participar-hi \u00e9s necess\u00e0ria la inscripci\u00f3 pr\u00e8via mitjan\u00e7ant aquest <a href=\"https:\/\/docs.google.com\/forms\/d\/e\/1FAIpQLScKHvmf_QqMoP9E1PMfhxwDVDCx7JOmAH0mddl905iCGzXZ_Q\/viewform?usp=sf_link\">formulari<\/a>. Les places s\u00f3n limitades segons ordre d\u2019inscripci\u00f3. El termini d\u2019inscripci\u00f3 finalitzar\u00e0 el proper 2 de juny. La sessi\u00f3 comptar\u00e0 amb servei de traducci\u00f3 simult\u00e0nia Franc\u00e8s-Catal\u00e0.<\/p>\n<p>Aquest projecte, finan\u00e7at per la convocat\u00f2ria de subvencions Eurodistricte de la Casa de la Generalitat a Perpiny\u00e0, s\u2019ha portat a terme conjuntament amb l\u2019associaci\u00f3 Secours Catholique de Perpiny\u00e0.<\/p>\n<p>El projecte ha perm\u00e8s refor\u00e7ar el diagn\u00f2stic social transfronterer que es va fer el 2016, ampliant el coneixement sobre la situaci\u00f3 i necessitats de les dones migrades a banda i banda de la frontera; con\u00e8ixer les entitats i associacions que treballen en l\u2019acollida i acompanyament de les dones migrades i potenciar la creaci\u00f3 d\u2019una xarxa de suport transfronterer en aquesta direcci\u00f3.<\/p>\n","protected":false},"excerpt":{"rendered":"<p>L\u2019\u00e0rea de Benestar del Consell Comarcal de l\u2019Alt Empord\u00e0 organitza el proper 9 de juny la jornada final del microprojecte transfronterer \u00abXarxa de treball transfronterera per acollir i acompanyar dones migrades a l\u2019Espai Catal\u00e0 Transfronterer\u00bb.<\/p>\n","protected":false},"author":2,"featured_media":7296,"comment_status":"closed","ping_status":"closed","sticky":false,"template":"","format":"standard","meta":{"footnotes":""},"categories":[106,33,100,107,101,104,1,12,102,111,115],"tags":[],"class_list":["post-7915","post","type-post","status-publish","format-standard","has-post-thumbnail","hentry","category-administracions","category-agenda","category-area-benestar","category-centres-recerca-universitats","category-ciutadania","category-entitats-socials","category-general","category-pla-dinclusio-2","category-professionals-ambit-social","category-projectes-internacionals","category-projectes-transfronterers","category-106","category-33","category-100","category-107","category-101","category-104","category-1","category-12","category-102","category-111","category-115","description-off"],"_links":{"self":[{"href":"https:\/\/inclusioaltemporda.cat\/portal\/wp-json\/wp\/v2\/posts\/7915","targetHints":{"allow":["GET"]}}],"collection":[{"href":"https:\/\/inclusioaltemporda.cat\/portal\/wp-json\/wp\/v2\/posts"}],"about":[{"href":"https:\/\/inclusioaltemporda.cat\/portal\/wp-json\/wp\/v2\/types\/post"}],"author":[{"embeddable":true,"href":"https:\/\/inclusioaltemporda.cat\/portal\/wp-json\/wp\/v2\/users\/2"}],"replies":[{"embeddable":true,"href":"https:\/\/inclusioaltemporda.cat\/portal\/wp-json\/wp\/v2\/comments?post=7915"}],"version-history":[{"count":4,"href":"https:\/\/inclusioaltemporda.cat\/portal\/wp-json\/wp\/v2\/posts\/7915\/revisions"}],"predecessor-version":[{"id":7922,"href":"https:\/\/inclusioaltemporda.cat\/portal\/wp-json\/wp\/v2\/posts\/7915\/revisions\/7922"}],"wp:featuredmedia":[{"embeddable":true,"href":"https:\/\/inclusioaltemporda.cat\/portal\/wp-json\/wp\/v2\/media\/7296"}],"wp:attachment":[{"href":"https:\/\/inclusioaltemporda.cat\/portal\/wp-json\/wp\/v2\/media?parent=7915"}],"wp:term":[{"taxonomy":"category","embeddable":true,"href":"https:\/\/inclusioaltemporda.cat\/portal\/wp-json\/wp\/v2\/categories?post=7915"},{"taxonomy":"post_tag","embeddable":true,"href":"https:\/\/inclusioaltemporda.cat\/portal\/wp-json\/wp\/v2\/tags?post=7915"}],"curies":[{"name":"wp","href":"https:\/\/api.w.org\/{rel}","templated":true}]}}