{"id":7927,"date":"2021-05-24T11:55:28","date_gmt":"2021-05-24T10:55:28","guid":{"rendered":"https:\/\/inclusioaltemporda.cat\/portal\/?p=7927"},"modified":"2021-05-24T11:55:28","modified_gmt":"2021-05-24T10:55:28","slug":"el-consell-consultiu-de-la-gent-gran-analitza-els-reptes-del-darrer-congres-nacional","status":"publish","type":"post","link":"https:\/\/inclusioaltemporda.cat\/portal\/el-consell-consultiu-de-la-gent-gran-analitza-els-reptes-del-darrer-congres-nacional\/","title":{"rendered":"El Consell Consultiu de la Gent Gran analitza els reptes del darrer congr\u00e9s nacional"},"content":{"rendered":"<p>El passat 20 de maig es va realitzar un acte amb el Consell Consultiu de la gent Gran per analitzar els reptes que va proposar el darrer Congr\u00e9s Nacional de la Gent Gran.<\/p>\n<p>La presidenta del Consell Comarcal de l\u2019Alt Empord\u00e0, S\u00f2nia Mart\u00ednez, va obrir la sessi\u00f3 emfatitzant el treball de creaci\u00f3 del Consell Consultiu de la comarca que ja ha comen\u00e7at articulant diferents comissions. \u00abLa manera com ens fem grans est\u00e0 canviant i \u00e9s imprescindible escoltar un sector de la societat que moltes vegades queda silenciat\u00bb, va dir Mart\u00ednez.<\/p>\n<p>En aquesta reuni\u00f3 telem\u00e0tica va participar el responsable de l\u2019Oficina de la Gent Gran Activa, David Agust\u00ed, i el representant del Consell de la Gent Gran de Catalunya, Manuel \u00c1lvarez.<\/p>\n","protected":false},"excerpt":{"rendered":"<p>El passat 20 de maig es va realitzar un acte amb el Consell Consultiu de la gent Gran per analitzar els reptes que va proposar el darrer Congr\u00e9s Nacional de la Gent Gran.<\/p>\n","protected":false},"author":2,"featured_media":7928,"comment_status":"closed","ping_status":"closed","sticky":false,"template":"","format":"standard","meta":{"footnotes":""},"categories":[106,100,101,1,12,11],"tags":[],"class_list":["post-7927","post","type-post","status-publish","format-standard","has-post-thumbnail","hentry","category-administracions","category-area-benestar","category-ciutadania","category-general","category-pla-dinclusio-2","category-taula-inclusio","category-106","category-100","category-101","category-1","category-12","category-11","description-off"],"_links":{"self":[{"href":"https:\/\/inclusioaltemporda.cat\/portal\/wp-json\/wp\/v2\/posts\/7927","targetHints":{"allow":["GET"]}}],"collection":[{"href":"https:\/\/inclusioaltemporda.cat\/portal\/wp-json\/wp\/v2\/posts"}],"about":[{"href":"https:\/\/inclusioaltemporda.cat\/portal\/wp-json\/wp\/v2\/types\/post"}],"author":[{"embeddable":true,"href":"https:\/\/inclusioaltemporda.cat\/portal\/wp-json\/wp\/v2\/users\/2"}],"replies":[{"embeddable":true,"href":"https:\/\/inclusioaltemporda.cat\/portal\/wp-json\/wp\/v2\/comments?post=7927"}],"version-history":[{"count":1,"href":"https:\/\/inclusioaltemporda.cat\/portal\/wp-json\/wp\/v2\/posts\/7927\/revisions"}],"predecessor-version":[{"id":7929,"href":"https:\/\/inclusioaltemporda.cat\/portal\/wp-json\/wp\/v2\/posts\/7927\/revisions\/7929"}],"wp:featuredmedia":[{"embeddable":true,"href":"https:\/\/inclusioaltemporda.cat\/portal\/wp-json\/wp\/v2\/media\/7928"}],"wp:attachment":[{"href":"https:\/\/inclusioaltemporda.cat\/portal\/wp-json\/wp\/v2\/media?parent=7927"}],"wp:term":[{"taxonomy":"category","embeddable":true,"href":"https:\/\/inclusioaltemporda.cat\/portal\/wp-json\/wp\/v2\/categories?post=7927"},{"taxonomy":"post_tag","embeddable":true,"href":"https:\/\/inclusioaltemporda.cat\/portal\/wp-json\/wp\/v2\/tags?post=7927"}],"curies":[{"name":"wp","href":"https:\/\/api.w.org\/{rel}","templated":true}]}}