{"id":7935,"date":"2021-05-31T11:55:30","date_gmt":"2021-05-31T10:55:30","guid":{"rendered":"https:\/\/inclusioaltemporda.cat\/portal\/?p=7935"},"modified":"2021-05-31T11:55:30","modified_gmt":"2021-05-31T10:55:30","slug":"acaba-la-formacio-tambeestrafic-amb-179-persones-inscrites","status":"publish","type":"post","link":"https:\/\/inclusioaltemporda.cat\/portal\/acaba-la-formacio-tambeestrafic-amb-179-persones-inscrites\/","title":{"rendered":"Acaba la formaci\u00f3 #TambeEsTrafic, amb 179 persones inscrites"},"content":{"rendered":"<p>El passat divendres, 28 de maig, va tenir lloc l\u2019\u00faltima sessi\u00f3 de la formaci\u00f3 \u00abTamb\u00e9 \u00e9s tr\u00e0fic\u00bb, convocada pel SIAD de l\u2019Ajuntament de Figueres, el del Consell Comarcal de l\u2019Alt Empord\u00e0 i la comissi\u00f3 de Prostituci\u00f3 de la Jonquera.<\/p>\n<p>La formaci\u00f3, a c\u00e0rrec de Rosa Cend\u00f3n, responsable de Relacions Institucionals i Incid\u00e8ncia de SICARcat, s\u2019ha organitzat en quatre m\u00f2duls, cadascun dels quals ha versat sobre una problem\u00e0tica espec\u00edfica relacionada amb el tr\u00e0fic d\u2019\u00e9ssers humans. Aquests quatre \u00e0mbits han estat els matrimonis for\u00e7ats, la criminalitat for\u00e7ada, l\u2019explotaci\u00f3 laboral en l\u2019\u00e0mbit de les cures i la llar i la inf\u00e0ncia.<\/p>\n<p>L\u2019objectiu de la formaci\u00f3, que ha comptat amb 179 persones inscrites, ha estat el d\u2019aprofundir en aquesta problem\u00e0tica, m\u00e9s enll\u00e0 de la visi\u00f3 estereotipada que se n\u2019acostuma a tenir. Per a aix\u00f2, s\u2019han facilitat indicadors que permetin els professionals detectar possibles casos de tr\u00e0fic d\u2019\u00e9ssers humans i treballar contra la infradetecci\u00f3 d\u2019aquest tipus de situacions.<\/p>\n<p>Durant les sessions s\u2019ha constatat la manca d\u2019informaci\u00f3 sobre el tr\u00e0fic d\u2019\u00e9ssers humans, fins i tot en l\u2019\u00e0mbit professional, i els obstacles que es troben les entitats i institucions quan treballen amb v\u00edctimes d\u2019aquest tipus de delictes.<\/p>\n","protected":false},"excerpt":{"rendered":"<p>Durant les sessions s\u2019ha constatat la manca d\u2019informaci\u00f3 sobre el tr\u00e0fic d\u2019\u00e9ssers humans, fins i tot en l\u2019\u00e0mbit professional, i els obstacles que es troben les entitats i institucions quan treballen amb v\u00edctimes d\u2019aquest tipus de delictes.<\/p>\n","protected":false},"author":2,"featured_media":7879,"comment_status":"closed","ping_status":"closed","sticky":false,"template":"","format":"standard","meta":{"footnotes":""},"categories":[106,100,104,1,12,102],"tags":[],"class_list":["post-7935","post","type-post","status-publish","format-standard","has-post-thumbnail","hentry","category-administracions","category-area-benestar","category-entitats-socials","category-general","category-pla-dinclusio-2","category-professionals-ambit-social","category-106","category-100","category-104","category-1","category-12","category-102","description-off"],"_links":{"self":[{"href":"https:\/\/inclusioaltemporda.cat\/portal\/wp-json\/wp\/v2\/posts\/7935","targetHints":{"allow":["GET"]}}],"collection":[{"href":"https:\/\/inclusioaltemporda.cat\/portal\/wp-json\/wp\/v2\/posts"}],"about":[{"href":"https:\/\/inclusioaltemporda.cat\/portal\/wp-json\/wp\/v2\/types\/post"}],"author":[{"embeddable":true,"href":"https:\/\/inclusioaltemporda.cat\/portal\/wp-json\/wp\/v2\/users\/2"}],"replies":[{"embeddable":true,"href":"https:\/\/inclusioaltemporda.cat\/portal\/wp-json\/wp\/v2\/comments?post=7935"}],"version-history":[{"count":1,"href":"https:\/\/inclusioaltemporda.cat\/portal\/wp-json\/wp\/v2\/posts\/7935\/revisions"}],"predecessor-version":[{"id":7936,"href":"https:\/\/inclusioaltemporda.cat\/portal\/wp-json\/wp\/v2\/posts\/7935\/revisions\/7936"}],"wp:featuredmedia":[{"embeddable":true,"href":"https:\/\/inclusioaltemporda.cat\/portal\/wp-json\/wp\/v2\/media\/7879"}],"wp:attachment":[{"href":"https:\/\/inclusioaltemporda.cat\/portal\/wp-json\/wp\/v2\/media?parent=7935"}],"wp:term":[{"taxonomy":"category","embeddable":true,"href":"https:\/\/inclusioaltemporda.cat\/portal\/wp-json\/wp\/v2\/categories?post=7935"},{"taxonomy":"post_tag","embeddable":true,"href":"https:\/\/inclusioaltemporda.cat\/portal\/wp-json\/wp\/v2\/tags?post=7935"}],"curies":[{"name":"wp","href":"https:\/\/api.w.org\/{rel}","templated":true}]}}