{"id":7938,"date":"2021-06-07T10:43:25","date_gmt":"2021-06-07T09:43:25","guid":{"rendered":"https:\/\/inclusioaltemporda.cat\/portal\/?p=7938"},"modified":"2021-06-07T10:44:11","modified_gmt":"2021-06-07T09:44:11","slug":"vint-i-cinc-persones-realitzen-el-curs-de-primera-acollida-a-vilafant","status":"publish","type":"post","link":"https:\/\/inclusioaltemporda.cat\/portal\/vint-i-cinc-persones-realitzen-el-curs-de-primera-acollida-a-vilafant\/","title":{"rendered":"Vint-i-cinc persones realitzen el curs de primera acollida a Vilafant"},"content":{"rendered":"<p>L\u2019Equip d\u2019Inclusi\u00f3 i Atenci\u00f3 a la Comunitat del Consell Comarcal de l\u2019Alt Empord\u00e0 ha realitzat al municipi de Vilafant un curs presencial de primera acollida adre\u00e7at a persones nouvingudes a la comarca, centrat en el coneixement de la societat catalana i el seu marc jur\u00eddic.<\/p>\n<p>El curs, que ha comptat amb la participaci\u00f3 de m\u00e9s de 25 persones, ha estat impartit per diferents professionals dels serveis p\u00fablics presents al municipi, dels \u00e0mbits sanitari, de la seguretat ciutadana, l\u2019atenci\u00f3 ciutadana, els serveis socials, la formaci\u00f3 d\u2019adults i l\u2019acci\u00f3 comunit\u00e0ria, juntament amb l\u2019equip de primera acollida del Consell Comarcal de l\u2019Alt Empord\u00e0. La intervenci\u00f3 d\u2019aquests professionals ha perm\u00e8s oferir als participants informaci\u00f3 de primera m\u00e0 sobre el funcionament dels serveis i recursos existents al municipi i a la comarca.<\/p>\n<p><strong>Els cursos per a persones nouvingudes<\/strong><\/p>\n<p>Durant aquest any hi ha prevista la realitzaci\u00f3 de 17 cursos de primera acollida en diferents municipis de la comarca. Aquests cursos estan oberts a tota la ciutadania que necessiti obtenir el certificat d\u2019acollida previst en la Llei d\u2019acollida de persones immigrades i les retornades a Catalunya.<\/p>\n<p>Per poder obtenir el certificat, tal com estableix el Reglament d\u2019Acollida de la Generalitat de Catalunya, cal acreditar la participaci\u00f3 en tres m\u00f2duls de formaci\u00f3: un m\u00f2dul (A) per aprendre catal\u00e0 i castell\u00e0, amb un m\u00ednim de 90 hores de formaci\u00f3 en cadascuna de les dues lleng\u00fces oficials; un m\u00f2dul (B) sobre coneixements laborals, amb una durada m\u00ednima de 15 hores; i un tercer m\u00f2dul (C) sobre coneixement de la societat catalana i del seu marc jur\u00eddic, amb un m\u00ednim de 15 hores.<\/p>\n<p>Aquesta activitat ha comptat amb el finan\u00e7ament del Fons Social Europeu i el suport de l\u2019Ajuntament de Vilafant i la Secretaria d\u2019Igualtat, Migracions i Ciutadania de la Generalitat de Catalunya.<\/p>\n\n\t\t\t<style type='text\/css'>\n\t\t\t\t#gallery-1 {\n\t\t\t\t\tmargin: auto;\n\t\t\t\t}\n\t\t\t\t#gallery-1 .gallery-item {\n\t\t\t\t\tfloat: left;\n\t\t\t\t\tmargin-top: 10px;\n\t\t\t\t\ttext-align: center;\n\t\t\t\t\twidth: 50%;\n\t\t\t\t}\n\t\t\t\t#gallery-1 img {\n\t\t\t\t\tborder: 2px solid #cfcfcf;\n\t\t\t\t}\n\t\t\t\t#gallery-1 .gallery-caption {\n\t\t\t\t\tmargin-left: 0;\n\t\t\t\t}\n\t\t\t\t\/* see gallery_shortcode() in wp-includes\/media.php *\/\n\t\t\t<\/style>\n\t\t<div id='gallery-1' class='dt-gallery-container gallery galleryid-7938 gallery-columns-2 gallery-size-large'><dl class='gallery-item'>\n\t\t\t\t<dt class='gallery-icon landscape'>\n\t\t\t\t\t<a class=\"rollover\" href='https:\/\/inclusioaltemporda.cat\/portal\/vint-i-cinc-persones-realitzen-el-curs-de-primera-acollida-a-vilafant\/20210527_092048\/'><img loading=\"lazy\" decoding=\"async\" width=\"1024\" height=\"768\" src=\"https:\/\/inclusioaltemporda.cat\/portal\/wp-content\/uploads\/20210527_092048-1024x768.jpg\" class=\"attachment-large size-large\" alt=\"\" srcset=\"https:\/\/inclusioaltemporda.cat\/portal\/wp-content\/uploads\/20210527_092048-1024x768.jpg 1024w, https:\/\/inclusioaltemporda.cat\/portal\/wp-content\/uploads\/20210527_092048-300x225.jpg 300w, https:\/\/inclusioaltemporda.cat\/portal\/wp-content\/uploads\/20210527_092048-768x576.jpg 768w\" sizes=\"auto, (max-width: 1024px) 100vw, 1024px\" \/><\/a>\n\t\t\t\t<\/dt><\/dl><dl class='gallery-item'>\n\t\t\t\t<dt class='gallery-icon landscape'>\n\t\t\t\t\t<a class=\"rollover\" href='https:\/\/inclusioaltemporda.cat\/portal\/vint-i-cinc-persones-realitzen-el-curs-de-primera-acollida-a-vilafant\/20210527_111902\/'><img loading=\"lazy\" decoding=\"async\" width=\"1024\" height=\"768\" src=\"https:\/\/inclusioaltemporda.cat\/portal\/wp-content\/uploads\/20210527_111902-1024x768.jpg\" class=\"attachment-large size-large\" alt=\"\" srcset=\"https:\/\/inclusioaltemporda.cat\/portal\/wp-content\/uploads\/20210527_111902-1024x768.jpg 1024w, https:\/\/inclusioaltemporda.cat\/portal\/wp-content\/uploads\/20210527_111902-300x225.jpg 300w, https:\/\/inclusioaltemporda.cat\/portal\/wp-content\/uploads\/20210527_111902-768x576.jpg 768w\" sizes=\"auto, (max-width: 1024px) 100vw, 1024px\" \/><\/a>\n\t\t\t\t<\/dt><\/dl><br style=\"clear: both\" \/>\n\t\t\t<\/div>\n\n","protected":false},"excerpt":{"rendered":"<p>L\u2019Equip d\u2019Inclusi\u00f3 i Atenci\u00f3 a la Comunitat del Consell Comarcal de l\u2019Alt Empord\u00e0 ha realitzat al municipi de Vilafant un curs presencial de primera acollida adre\u00e7at a persones nouvingudes a la comarca, centrat en el coneixement de la societat catalana i el seu marc jur\u00eddic.<\/p>\n","protected":false},"author":2,"featured_media":7940,"comment_status":"closed","ping_status":"closed","sticky":false,"template":"","format":"standard","meta":{"footnotes":""},"categories":[106,100,101,1],"tags":[],"class_list":["post-7938","post","type-post","status-publish","format-standard","has-post-thumbnail","hentry","category-administracions","category-area-benestar","category-ciutadania","category-general","category-106","category-100","category-101","category-1","description-off"],"_links":{"self":[{"href":"https:\/\/inclusioaltemporda.cat\/portal\/wp-json\/wp\/v2\/posts\/7938","targetHints":{"allow":["GET"]}}],"collection":[{"href":"https:\/\/inclusioaltemporda.cat\/portal\/wp-json\/wp\/v2\/posts"}],"about":[{"href":"https:\/\/inclusioaltemporda.cat\/portal\/wp-json\/wp\/v2\/types\/post"}],"author":[{"embeddable":true,"href":"https:\/\/inclusioaltemporda.cat\/portal\/wp-json\/wp\/v2\/users\/2"}],"replies":[{"embeddable":true,"href":"https:\/\/inclusioaltemporda.cat\/portal\/wp-json\/wp\/v2\/comments?post=7938"}],"version-history":[{"count":2,"href":"https:\/\/inclusioaltemporda.cat\/portal\/wp-json\/wp\/v2\/posts\/7938\/revisions"}],"predecessor-version":[{"id":7942,"href":"https:\/\/inclusioaltemporda.cat\/portal\/wp-json\/wp\/v2\/posts\/7938\/revisions\/7942"}],"wp:featuredmedia":[{"embeddable":true,"href":"https:\/\/inclusioaltemporda.cat\/portal\/wp-json\/wp\/v2\/media\/7940"}],"wp:attachment":[{"href":"https:\/\/inclusioaltemporda.cat\/portal\/wp-json\/wp\/v2\/media?parent=7938"}],"wp:term":[{"taxonomy":"category","embeddable":true,"href":"https:\/\/inclusioaltemporda.cat\/portal\/wp-json\/wp\/v2\/categories?post=7938"},{"taxonomy":"post_tag","embeddable":true,"href":"https:\/\/inclusioaltemporda.cat\/portal\/wp-json\/wp\/v2\/tags?post=7938"}],"curies":[{"name":"wp","href":"https:\/\/api.w.org\/{rel}","templated":true}]}}