{"id":7943,"date":"2021-06-11T07:10:07","date_gmt":"2021-06-11T06:10:07","guid":{"rendered":"https:\/\/inclusioaltemporda.cat\/portal\/?p=7943"},"modified":"2021-06-11T07:54:44","modified_gmt":"2021-06-11T06:54:44","slug":"el-consell-comarcal-presenta-el-diagnostic-sobre-la-situacio-de-les-dones-migrades-a-lespai-catala-transfronterer","status":"publish","type":"post","link":"https:\/\/inclusioaltemporda.cat\/portal\/el-consell-comarcal-presenta-el-diagnostic-sobre-la-situacio-de-les-dones-migrades-a-lespai-catala-transfronterer\/","title":{"rendered":"El Consell Comarcal presenta el \u201cDiagn\u00f2stic sobre la situaci\u00f3 de les dones migrades a l\u2019Espai Catal\u00e0 Transfronterer\u201d"},"content":{"rendered":"<p>El passat 9 de juny va tenir lloc la jornada de tancament del microprojecte \u00abXarxa de treball transfronterera per acollir i acompanyar dones migrades a l\u2019Espai Catal\u00e0 Transfronterer\u00bb, liderat per l\u2019\u00e0rea de Benestar del Consell Comarcal de l\u2019Alt Empord\u00e0. Aquest projecte s\u2019ha finan\u00e7at per la convocat\u00f2ria de subvencions Eurodistricte de la Casa de la Generalitat a Perpiny\u00e0 i portat a terme conjuntament amb l\u2019associaci\u00f3 Secours Catholique de Perpiny\u00e0.<\/p>\n<p>En la jornada de tancament, on van participar m\u00e9s de trenta agents de l\u2019Alt Empord\u00e0 i el Departament dels Pirineus Orientals, es va presentar el document de diagn\u00f2stic que recull les conclusions del projecte. Aquest diagn\u00f2stic s\u2019ha elaborat a partir de les sessions que l\u2019associaci\u00f3 Amunt i Crits Dones Referents Comunit\u00e0ries de l\u2019Alt Empord\u00e0 ha dinamitzat amb un grup de dones migrades de l\u2019associaci\u00f3 francesa Secours Catholique i les entitats Fundaci\u00f3 Sergi, la Fundaci\u00f3 Sant Vicen\u00e7 de Pa\u00fcl-Ksameu i Creu Roja La Jonquera.<\/p>\n<p>A partir d\u2019aquestes sessions, doncs, el diagn\u00f2stic ha recollit la situaci\u00f3 i necessitats de les dones migrades a banda i banda de la frontera, aix\u00ed com un mapa de les institucions, entitats i associacions que treballen en l\u2019acollida i acompanyament de les dones migrades.<\/p>\n<p>Durant el\u00a0<em>webinar<\/em>\u00a0de tancament, es va posar \u00e8mfasi en la necessitat d\u2019ampliar l\u2019oferta formativa de la llengua d\u2019acollida, principal obstacle de les dones migrades per a la seva integraci\u00f3, i es va obrir la porta a la creaci\u00f3 d\u2019espais de treball transfronterers, per tractar problem\u00e0tiques socials que, en molts casos, presenten factors comuns a tot l\u2019Espai Catal\u00e0 Transfronterer.<\/p>\n<p><strong>La diagnosi<\/strong><\/p>\n<p>Les dones migrades pateixen formes m\u00faltiples de discriminaci\u00f3 no nom\u00e9s com a dones i migrants, sin\u00f3 per nombroses caracter\u00edstiques que hi estan interrelacionades, com l\u2019edat, els ingressos, l\u2019origen \u00e8tnic, la nacionalitat, la religi\u00f3, l\u2019estat civil, la situaci\u00f3 familiar, la situaci\u00f3 administrativa, l\u2019orientaci\u00f3 sexual, la identitat de g\u00e8nere, la diversitat funcional, l\u2019estat de salut, l\u2019embar\u00e0s, el lloc de resid\u00e8ncia i la situaci\u00f3 econ\u00f2mica i social.<\/p>\n<p>Tot i les difer\u00e8ncies entre ambdues realitats \u00ada banda i banda de la frontera-, el diagn\u00f2stic qualitatiu posa de manifest com els factors de risc d\u2019exclusi\u00f3 social de les dones migrades a l\u2019Espai Catal\u00e0 Transfronterer s\u00f3n compartits entre la majoria de les dones que es troben en situaci\u00f3 m\u00e9s vulnerable. Les realitats quotidianes de les dones migrades en situaci\u00f3 de risc d\u2019exclusi\u00f3 social no s\u00f3n gaire diferents d\u2019un costat i a l\u2019altre de la frontera. Aquesta realitat compartida refor\u00e7a la necessitat de mantenir un espai de treball basat en la cooperaci\u00f3 transfronterera que permeti abordar conjuntament els reptes i les solucions.<\/p>\n<p>El diagn\u00f2stic ha perm\u00e8s identificar les l\u00ednies de treball que es poden refor\u00e7ar per millorar l\u2019acollida i l\u2019acompanyament de les dones migrades a l\u2019Espai Catal\u00e0 Transfronterer. En tots els casos, partir d\u2019una millor identificaci\u00f3 dels factors de risc permet acompanyar la reflexi\u00f3 sobre quines s\u00f3n les realitats i situacions diverses viscudes per les dones migrades, quines necessitats hi estan associades i quines actuacions es poden portar a terme per a millorar les seves condicions de vida i garantir el seu acc\u00e9s als drets.<\/p>\n<p>Si us voleu descarregar el document, podeu fer clic sobre les imatges seg\u00fcents:<\/p>\n<p><a href=\"https:\/\/inclusioaltemporda.cat\/portal\/wp-content\/uploads\/DOCUMENT-FINAL-CAT.pdf\"><img loading=\"lazy\" decoding=\"async\" class=\"alignleft wp-image-7947\" src=\"https:\/\/inclusioaltemporda.cat\/portal\/wp-content\/uploads\/Imatge-diagn\u00f2stic-cat.jpg\" alt=\"\" width=\"330\" height=\"228\" srcset=\"https:\/\/inclusioaltemporda.cat\/portal\/wp-content\/uploads\/Imatge-diagn\u00f2stic-cat.jpg 629w, https:\/\/inclusioaltemporda.cat\/portal\/wp-content\/uploads\/Imatge-diagn\u00f2stic-cat-300x207.jpg 300w\" sizes=\"auto, (max-width: 330px) 100vw, 330px\" \/><\/a><\/p>\n<p><a href=\"https:\/\/inclusioaltemporda.cat\/portal\/wp-content\/uploads\/DOCUMENT-FINAL-FR.pdf\"><img loading=\"lazy\" decoding=\"async\" class=\"alignleft wp-image-7944\" src=\"https:\/\/inclusioaltemporda.cat\/portal\/wp-content\/uploads\/Imatge-diagn\u00f2stic-fr.jpg\" alt=\"\" width=\"321\" height=\"222\" srcset=\"https:\/\/inclusioaltemporda.cat\/portal\/wp-content\/uploads\/Imatge-diagn\u00f2stic-fr.jpg 629w, https:\/\/inclusioaltemporda.cat\/portal\/wp-content\/uploads\/Imatge-diagn\u00f2stic-fr-300x207.jpg 300w\" sizes=\"auto, (max-width: 321px) 100vw, 321px\" \/><\/a><\/p>\n<p>&nbsp;<\/p>\n","protected":false},"excerpt":{"rendered":"<p>El passat 9 de juny va tenir lloc la jornada de tancament del microprojecte \u00abXarxa de treball transfronterera per acollir i acompanyar dones migrades a l\u2019Espai Catal\u00e0 Transfronterer\u00bb, liderat per l\u2019\u00e0rea de Benestar del Consell Comarcal de l\u2019Alt Empord\u00e0. <\/p>\n","protected":false},"author":2,"featured_media":7949,"comment_status":"closed","ping_status":"closed","sticky":false,"template":"","format":"standard","meta":{"footnotes":""},"categories":[106,100,101,104,1,102,111,115],"tags":[],"class_list":["post-7943","post","type-post","status-publish","format-standard","has-post-thumbnail","hentry","category-administracions","category-area-benestar","category-ciutadania","category-entitats-socials","category-general","category-professionals-ambit-social","category-projectes-internacionals","category-projectes-transfronterers","category-106","category-100","category-101","category-104","category-1","category-102","category-111","category-115","description-off"],"_links":{"self":[{"href":"https:\/\/inclusioaltemporda.cat\/portal\/wp-json\/wp\/v2\/posts\/7943","targetHints":{"allow":["GET"]}}],"collection":[{"href":"https:\/\/inclusioaltemporda.cat\/portal\/wp-json\/wp\/v2\/posts"}],"about":[{"href":"https:\/\/inclusioaltemporda.cat\/portal\/wp-json\/wp\/v2\/types\/post"}],"author":[{"embeddable":true,"href":"https:\/\/inclusioaltemporda.cat\/portal\/wp-json\/wp\/v2\/users\/2"}],"replies":[{"embeddable":true,"href":"https:\/\/inclusioaltemporda.cat\/portal\/wp-json\/wp\/v2\/comments?post=7943"}],"version-history":[{"count":4,"href":"https:\/\/inclusioaltemporda.cat\/portal\/wp-json\/wp\/v2\/posts\/7943\/revisions"}],"predecessor-version":[{"id":7957,"href":"https:\/\/inclusioaltemporda.cat\/portal\/wp-json\/wp\/v2\/posts\/7943\/revisions\/7957"}],"wp:featuredmedia":[{"embeddable":true,"href":"https:\/\/inclusioaltemporda.cat\/portal\/wp-json\/wp\/v2\/media\/7949"}],"wp:attachment":[{"href":"https:\/\/inclusioaltemporda.cat\/portal\/wp-json\/wp\/v2\/media?parent=7943"}],"wp:term":[{"taxonomy":"category","embeddable":true,"href":"https:\/\/inclusioaltemporda.cat\/portal\/wp-json\/wp\/v2\/categories?post=7943"},{"taxonomy":"post_tag","embeddable":true,"href":"https:\/\/inclusioaltemporda.cat\/portal\/wp-json\/wp\/v2\/tags?post=7943"}],"curies":[{"name":"wp","href":"https:\/\/api.w.org\/{rel}","templated":true}]}}