{"id":7959,"date":"2021-06-15T09:58:44","date_gmt":"2021-06-15T08:58:44","guid":{"rendered":"https:\/\/inclusioaltemporda.cat\/portal\/?p=7959"},"modified":"2021-06-15T09:58:44","modified_gmt":"2021-06-15T08:58:44","slug":"el-consell-se-suma-al-dia-mundial-per-a-la-presa-de-consciencia-de-labus-i-el-maltractament-envers-les-persones-grans","status":"publish","type":"post","link":"https:\/\/inclusioaltemporda.cat\/portal\/el-consell-se-suma-al-dia-mundial-per-a-la-presa-de-consciencia-de-labus-i-el-maltractament-envers-les-persones-grans\/","title":{"rendered":"El Consell se suma al Dia mundial per a la presa de consci\u00e8ncia de l\u2019ab\u00fas i el maltractament envers les persones grans"},"content":{"rendered":"<p>El Consell Comarcal de l\u2019Alt Empord\u00e0 se suma al Dia mundial per a la presa de consci\u00e8ncia de l\u2019ab\u00fas i el maltractament envers les persones grans. Aquest dia, declarat per les Nacions Unides i que se celebra cada 15 de juny, vol visibilitzar i reivindicar els drets de les persones grans i la problem\u00e0tica que pateixen, que sovint queda invisibilitzada.<\/p>\n<p>L\u2019ens comarcal dona suport al manifest del Consell de la Gent Gran de Catalunya. Per aquest motiu, el Consell Comarcal ha previst diferents accions: Ha realitzat una sessi\u00f3 de la Taula Comarcal de Maltractaments a les persones grans de l\u2019Alt Empord\u00e0 a la Fundaci\u00f3 Salut Empord\u00e0 i ha dif\u00f3s el v\u00eddeo que han realitzat la Xarxa d\u2019Envelliment Actiu i la Generalitat amb motiu del dia mundial. En aquest metratge, que s\u2019ha dif\u00f3s per les xarxes, han participat persones grans de l\u2019Alt Empord\u00e0. El Consell Comarcal tamb\u00e9 ha estat el coorganitzador d\u2019una xerrada titulada \u00abEls drets de les persones no tenen edat\u00bb a c\u00e0rrec de l\u2019advocat Jordi Mu\u00f1oz i pel dia 18 de juny s\u2019ha previst una sessi\u00f3 de treball titulada \u00abLa detecci\u00f3 de situacions de maltractaments a les persones grans\u00bb, organitzada conjuntament amb el Consell Comarcal de l\u2019Anoia<\/p>\n<p>L\u2019\u00e0rea de Benestar del Consell Comarcal impulsa diverses iniciatives amb l\u2019objectiu d\u2019empoderar a les persones grans, en la presa de decisions dels seus drets i en la presa de decisions sobre el seu futur.<\/p>\n<p>El maltractament de la gent gran \u00e9s viol\u00e8ncia, perqu\u00e8 causa un dany f\u00edsic o moral a una persona gran. Generalment, s\u2019esdev\u00e9 dins l\u2019\u00e0mbit familiar, per\u00f2 tamb\u00e9 en institucions, i el cometen les persones o les institucions que se suposa que en tenen cura, per neglig\u00e8ncia en l\u2019atenci\u00f3 o b\u00e9 mitjan\u00e7ant l\u2019\u00fas de la viol\u00e8ncia f\u00edsica o psicol\u00f2gica. De fet, cada vegada que la vulnerabilitat i la fragilitat d\u2019una persona la situa sota el domini d\u2019una altra, \u00e9s a dir que dep\u00e8n d\u2019una altra per viure, hi ha risc de maltractament.<\/p>\n<p>La depend\u00e8ncia f\u00edsica o econ\u00f2mica de la persona gran, la soledat i l\u2019a\u00efllament social, la baixa autoestima o el deteriorament cognitiu i els trastorns de conducta s\u00f3n alguns dels senyals que poden servir per detectar persones en situaci\u00f3 de vulnerabilitat. Pel que fa a la persona cuidadora la sobrec\u00e0rrega i l\u2019estr\u00e8s, la manca d\u2019habilitats i formaci\u00f3, la depend\u00e8ncia econ\u00f2mica vers la persona gran, una relaci\u00f3 conflictiva o les addiccions s\u00f3n alguns dels factors de risc.<\/p>\n<p>Una de les formes de generar maltractaments \u00e9s silenciar-los, o consentir que es mantinguin models d\u2019atenci\u00f3 inadequats.<\/p>\n<p>&nbsp;<\/p>\n<p><iframe loading=\"lazy\" width=\"1200\" height=\"675\" src=\"https:\/\/www.youtube.com\/embed\/EAq30UNq47I?feature=oembed\" frameborder=\"0\" allow=\"accelerometer; autoplay; clipboard-write; encrypted-media; gyroscope; picture-in-picture\" allowfullscreen><\/iframe><\/p>\n<p>&nbsp;<\/p>\n","protected":false},"excerpt":{"rendered":"<p>El Consell Comarcal de l\u2019Alt Empord\u00e0 se suma al Dia mundial per a la presa de consci\u00e8ncia de l\u2019ab\u00fas i el maltractament envers les persones grans. Aquest dia, declarat per les Nacions Unides i que se celebra cada 15 de juny, vol visibilitzar i reivindicar els drets de les persones grans i la problem\u00e0tica que pateixen, que sovint queda invisibilitzada.<\/p>\n","protected":false},"author":2,"featured_media":7960,"comment_status":"closed","ping_status":"closed","sticky":false,"template":"","format":"standard","meta":{"footnotes":""},"categories":[106,100,101,104,1,108,12,102],"tags":[],"class_list":["post-7959","post","type-post","status-publish","format-standard","has-post-thumbnail","hentry","category-administracions","category-area-benestar","category-ciutadania","category-entitats-socials","category-general","category-mitjans-comunicacio","category-pla-dinclusio-2","category-professionals-ambit-social","category-106","category-100","category-101","category-104","category-1","category-108","category-12","category-102","description-off"],"_links":{"self":[{"href":"https:\/\/inclusioaltemporda.cat\/portal\/wp-json\/wp\/v2\/posts\/7959","targetHints":{"allow":["GET"]}}],"collection":[{"href":"https:\/\/inclusioaltemporda.cat\/portal\/wp-json\/wp\/v2\/posts"}],"about":[{"href":"https:\/\/inclusioaltemporda.cat\/portal\/wp-json\/wp\/v2\/types\/post"}],"author":[{"embeddable":true,"href":"https:\/\/inclusioaltemporda.cat\/portal\/wp-json\/wp\/v2\/users\/2"}],"replies":[{"embeddable":true,"href":"https:\/\/inclusioaltemporda.cat\/portal\/wp-json\/wp\/v2\/comments?post=7959"}],"version-history":[{"count":1,"href":"https:\/\/inclusioaltemporda.cat\/portal\/wp-json\/wp\/v2\/posts\/7959\/revisions"}],"predecessor-version":[{"id":7961,"href":"https:\/\/inclusioaltemporda.cat\/portal\/wp-json\/wp\/v2\/posts\/7959\/revisions\/7961"}],"wp:featuredmedia":[{"embeddable":true,"href":"https:\/\/inclusioaltemporda.cat\/portal\/wp-json\/wp\/v2\/media\/7960"}],"wp:attachment":[{"href":"https:\/\/inclusioaltemporda.cat\/portal\/wp-json\/wp\/v2\/media?parent=7959"}],"wp:term":[{"taxonomy":"category","embeddable":true,"href":"https:\/\/inclusioaltemporda.cat\/portal\/wp-json\/wp\/v2\/categories?post=7959"},{"taxonomy":"post_tag","embeddable":true,"href":"https:\/\/inclusioaltemporda.cat\/portal\/wp-json\/wp\/v2\/tags?post=7959"}],"curies":[{"name":"wp","href":"https:\/\/api.w.org\/{rel}","templated":true}]}}