{"id":7962,"date":"2021-06-18T13:39:41","date_gmt":"2021-06-18T12:39:41","guid":{"rendered":"https:\/\/inclusioaltemporda.cat\/portal\/?p=7962"},"modified":"2021-06-18T13:57:17","modified_gmt":"2021-06-18T12:57:17","slug":"es-presenten-dues-iniciatives-en-el-marc-del-projecte-benestar-i-comunitat","status":"publish","type":"post","link":"https:\/\/inclusioaltemporda.cat\/portal\/es-presenten-dues-iniciatives-en-el-marc-del-projecte-benestar-i-comunitat\/","title":{"rendered":"Es presenten dues iniciatives en el marc del Projecte Benestar i Comunitat"},"content":{"rendered":"<p>Divendres, 18 de juny, s\u2019ha realitzat una sessi\u00f3 de treball amb els diferents equips professionals de l\u2019\u00e0rea de Benestar del Consell Comarcal per tal de presentar els resultats de dues iniciatives vinculades al Programa Benestar i Comunitat 2020-2021, finan\u00e7at per Dipsalut, Organisme de Salut P\u00fablica de la Diputaci\u00f3 de Girona.<\/p>\n<p>La primera de les iniciatives, promoguda per l\u2019entitat social Ranura amb la col\u00b7laboraci\u00f3 de l\u2019Equip d\u2019Inclusi\u00f3 i Atenci\u00f3 a la Comunitat, s\u2019ha emmarcat en el projecte d\u2019acompanyament a joves migrants sols. Aquest ha treballat amb joves migrants amb l\u2019objectiu de millorar el seu acompanyament emocional. El resultat ha estat un joc de cartes que vol ser una eina per treballar les emocions i las seva representaci\u00f3 als espais de treball relacionat amb aquest i altres col\u00b7lectius.<\/p>\n<p>Les cartes, que consisteixen en fotografies amb el nom de les emocions en catal\u00e0, castell\u00e0 i \u00e0rab, permeten que els joves identifiquin aquestes emocions en el seu idioma d\u2019origen, i faciliten el vincle amb els professionals amb qui treballen.<\/p>\n<p>D\u2019altra banda, la Fundaci\u00f3 APIP ACAM ha presentat el diagn\u00f2stic \u00abXarxa de suport i sensibilitzaci\u00f3 a dones vinculades a entorns de prostituci\u00f3 a l\u2019Alt Empord\u00e0\u00bb, elaborat a partir de l\u2019an\u00e0lisi de dades i del resultat de les sessions de treball amb diferents dones que han presentat el seu relat de vida.<\/p>\n<p>D\u2019aquest diagn\u00f2stic se\u2019n despr\u00e8n que el context de la comarca, unit a la prostituci\u00f3 entesa com un problema sist\u00e8mic, nom\u00e9s fa que agreujar encara m\u00e9s el grau de vulnerabilitat que viuen les dones que es troben en aquesta situaci\u00f3.<\/p>\n<p>A l\u2019Alt Empord\u00e0, el programa Benestar i Comunitat 2020-21 es concreta en el projecte global \u00abL\u2019Alt Empord\u00e0, una comarca inclusiva, amb salut i sostenible\u00bb, i la seva finalitat \u00e9s refor\u00e7ar els dispositius i recursos adre\u00e7ats a atendre les persones en situaci\u00f3 de major vulnerabilitat de la comarca, que tinguin com a objectiu millorar la seva qualitat de vida i l\u2019apoderament de la comunitat i les persones.<\/p>\n","protected":false},"excerpt":{"rendered":"<p>L\u2019\u00e0rea de Benestar del Consell Comarcal presenta els resultats de dues iniciatives vinculades al Programa Benestar i Comunitat 2020-2021, finan\u00e7at per Dipsalut,<\/p>\n","protected":false},"author":2,"featured_media":7965,"comment_status":"closed","ping_status":"closed","sticky":false,"template":"","format":"standard","meta":{"footnotes":""},"categories":[106,100,101,104,1,12,102,11],"tags":[],"class_list":["post-7962","post","type-post","status-publish","format-standard","has-post-thumbnail","hentry","category-administracions","category-area-benestar","category-ciutadania","category-entitats-socials","category-general","category-pla-dinclusio-2","category-professionals-ambit-social","category-taula-inclusio","category-106","category-100","category-101","category-104","category-1","category-12","category-102","category-11","description-off"],"_links":{"self":[{"href":"https:\/\/inclusioaltemporda.cat\/portal\/wp-json\/wp\/v2\/posts\/7962","targetHints":{"allow":["GET"]}}],"collection":[{"href":"https:\/\/inclusioaltemporda.cat\/portal\/wp-json\/wp\/v2\/posts"}],"about":[{"href":"https:\/\/inclusioaltemporda.cat\/portal\/wp-json\/wp\/v2\/types\/post"}],"author":[{"embeddable":true,"href":"https:\/\/inclusioaltemporda.cat\/portal\/wp-json\/wp\/v2\/users\/2"}],"replies":[{"embeddable":true,"href":"https:\/\/inclusioaltemporda.cat\/portal\/wp-json\/wp\/v2\/comments?post=7962"}],"version-history":[{"count":1,"href":"https:\/\/inclusioaltemporda.cat\/portal\/wp-json\/wp\/v2\/posts\/7962\/revisions"}],"predecessor-version":[{"id":7964,"href":"https:\/\/inclusioaltemporda.cat\/portal\/wp-json\/wp\/v2\/posts\/7962\/revisions\/7964"}],"wp:featuredmedia":[{"embeddable":true,"href":"https:\/\/inclusioaltemporda.cat\/portal\/wp-json\/wp\/v2\/media\/7965"}],"wp:attachment":[{"href":"https:\/\/inclusioaltemporda.cat\/portal\/wp-json\/wp\/v2\/media?parent=7962"}],"wp:term":[{"taxonomy":"category","embeddable":true,"href":"https:\/\/inclusioaltemporda.cat\/portal\/wp-json\/wp\/v2\/categories?post=7962"},{"taxonomy":"post_tag","embeddable":true,"href":"https:\/\/inclusioaltemporda.cat\/portal\/wp-json\/wp\/v2\/tags?post=7962"}],"curies":[{"name":"wp","href":"https:\/\/api.w.org\/{rel}","templated":true}]}}