{"id":7966,"date":"2021-07-09T12:21:23","date_gmt":"2021-07-09T11:21:23","guid":{"rendered":"https:\/\/inclusioaltemporda.cat\/portal\/?p=7966"},"modified":"2021-07-09T12:22:49","modified_gmt":"2021-07-09T11:22:49","slug":"larea-de-benestar-de-consell-comarcal-de-lalt-emporda-participa-al-iii-congres-dinclusio-social","status":"publish","type":"post","link":"https:\/\/inclusioaltemporda.cat\/portal\/larea-de-benestar-de-consell-comarcal-de-lalt-emporda-participa-al-iii-congres-dinclusio-social\/","title":{"rendered":"L\u2019\u00e0rea de Benestar de Consell Comarcal de l\u2019Alt Empord\u00e0 participa al III Congr\u00e9s d\u2019Inclusi\u00f3 Social"},"content":{"rendered":"<p align=\"justify\">Durant els dies 8 i 9 de juliol ha tingut lloc a la ciutat de Vic el <a href=\"https:\/\/inclusio.cat\/\">III Congr\u00e9s d\u2019Inclusi\u00f3 Social<\/a>, organitzat pel Departament de Drets Socials i la Universitat de Vic, que en aquesta edici\u00f3 s\u2019ha centrat en la promoci\u00f3 i la prevenci\u00f3 en els \u00e0mbits dels serveis socials i l\u2019acci\u00f3 comunit\u00e0ria.<\/p>\n<p align=\"justify\">En el marc del congr\u00e9s, els equips de l\u2019\u00c0rea de Benestar del Consell Comarcal hi han participat amb dues comunicacions i un p\u00f2ster-resum.<\/p>\n<p align=\"justify\">En primer lloc, l\u2019Equip d\u2019Inclusi\u00f3 i Atenci\u00f3 Comunit\u00e0ria ha presentat una comunicaci\u00f3 del <a href=\"https:\/\/inclusioaltemporda.cat\/portal\/impulsem-el-projecte-comunitari-tic-tac-dalfabetitzacio-digital-a-sant-pere-pescador\/\">projecte comunitari TIC-TAC<\/a>. Aquest \u00e9s un projecte d\u2019acci\u00f3 comunit\u00e0ria que, mitjan\u00e7ant un curs d\u2019alfabetitzaci\u00f3 digital, t\u00e9 com a objectiu dotar els alumnes d\u2019eines i recursos per facilitar l\u2019acc\u00e9s a les noves tecnologies, aix\u00ed com empoderar la poblaci\u00f3 migrada i refor\u00e7ar la seva xarxa social. El projecte TIC-TAC ha tingut una primera prova pilot durant el 2021 al municipi de Sant Pere Pescador.<\/p>\n<p align=\"justify\">En el marc del congr\u00e9s, l\u2019Equip d\u2019Envelliment Actiu ha tingut l\u2019oportunitat de presentar un <a href=\"https:\/\/inclusioaltemporda.cat\/portal\/wp-content\/uploads\/TAULA-MALTRACTAMENT-PERSONES-GRANS-ALT-EMPORD\u00c0.pdf\">p\u00f2ster-resum<\/a> sobre l&#8217;espai de treball en xarxa de la Taula sobre el Maltractament a les Persones Grans, que s\u2019ha impulsat des de diferents agents la comarca de l\u2019Alt Empord\u00e0, liderats per la Fundaci\u00f3 Salut Empord\u00e0 i el Consell Comarcal. Aquesta taula, que interv\u00e9 sobre aquesta problem\u00e0tica des d\u2019una mirada preventiva i comunit\u00e0ria, vol impulsar el treball en xarxa entre les diferents administracions i agents, aix\u00ed com crear eines i llenguatges comuns que facilitin la detecci\u00f3 i el seguiment de casos de maltractament.<\/p>\n<p align=\"justify\">Finalment, tamb\u00e9 s\u2019ha de destacar la participaci\u00f3 de la Luci Alvarado, educadora social dels Serveis Socials B\u00e0sics del Consell Comarcal de l\u2019Alt Empord\u00e0, en la comunicaci\u00f3 Recerca-acci\u00f3 per a l\u2019actualitzaci\u00f3 teoricopr\u00e0ctica del treball social. Aquest comunicaci\u00f3 ha presentat els coneixement i recomanacions recollits en la Guia <em><a href=\"https:\/\/ccuc.csuc.cat\/record=b7503368~S23*cat\">Per qu\u00e8 \u00e9s important la recerca als serveis socials i com podem fomentar-la?<\/a> <\/em>elaborada per un equip de recerca mixt liderat per l\u2019UDG, integrat per professionals i acad\u00e8mics en el qual han participat professionals de l\u2019\u00e0rea de Benestar del Consell Comarcal de l\u2019Alt Empord\u00e0.<\/p>\n<p align=\"justify\"><img loading=\"lazy\" decoding=\"async\" class=\"aligncenter size-large wp-image-7969\" src=\"https:\/\/inclusioaltemporda.cat\/portal\/wp-content\/uploads\/Foto-Congr\u00e9s-Inclusi\u00f3-2-1024x484.jpeg\" alt=\"\" width=\"1024\" height=\"484\" srcset=\"https:\/\/inclusioaltemporda.cat\/portal\/wp-content\/uploads\/Foto-Congr\u00e9s-Inclusi\u00f3-2-1024x484.jpeg 1024w, https:\/\/inclusioaltemporda.cat\/portal\/wp-content\/uploads\/Foto-Congr\u00e9s-Inclusi\u00f3-2-300x142.jpeg 300w, https:\/\/inclusioaltemporda.cat\/portal\/wp-content\/uploads\/Foto-Congr\u00e9s-Inclusi\u00f3-2-768x363.jpeg 768w, https:\/\/inclusioaltemporda.cat\/portal\/wp-content\/uploads\/Foto-Congr\u00e9s-Inclusi\u00f3-2.jpeg 1600w\" sizes=\"auto, (max-width: 1024px) 100vw, 1024px\" \/><\/p>\n<p align=\"justify\"><img loading=\"lazy\" decoding=\"async\" class=\"aligncenter size-large wp-image-7968\" src=\"https:\/\/inclusioaltemporda.cat\/portal\/wp-content\/uploads\/Foto-Congr\u00e9s-inclusi\u00f3-1-1024x484.jpeg\" alt=\"\" width=\"1024\" height=\"484\" srcset=\"https:\/\/inclusioaltemporda.cat\/portal\/wp-content\/uploads\/Foto-Congr\u00e9s-inclusi\u00f3-1-1024x484.jpeg 1024w, https:\/\/inclusioaltemporda.cat\/portal\/wp-content\/uploads\/Foto-Congr\u00e9s-inclusi\u00f3-1-300x142.jpeg 300w, https:\/\/inclusioaltemporda.cat\/portal\/wp-content\/uploads\/Foto-Congr\u00e9s-inclusi\u00f3-1-768x363.jpeg 768w, https:\/\/inclusioaltemporda.cat\/portal\/wp-content\/uploads\/Foto-Congr\u00e9s-inclusi\u00f3-1.jpeg 1600w\" sizes=\"auto, (max-width: 1024px) 100vw, 1024px\" \/><\/p>\n","protected":false},"excerpt":{"rendered":"<p>Els equips de l\u2019\u00c0rea de Benestar del Consell Comarcal han participat amb dues comunicacions i un p\u00f2ster-resum al III Congr\u00e9s d\u2019Inclusi\u00f3 Social, organitzat pel Departament de Drets Socials i la Universitat de Vic,<\/p>\n","protected":false},"author":2,"featured_media":7970,"comment_status":"closed","ping_status":"closed","sticky":false,"template":"","format":"standard","meta":{"footnotes":""},"categories":[100,101,104,1,102],"tags":[],"class_list":["post-7966","post","type-post","status-publish","format-standard","has-post-thumbnail","hentry","category-area-benestar","category-ciutadania","category-entitats-socials","category-general","category-professionals-ambit-social","category-100","category-101","category-104","category-1","category-102","description-off"],"_links":{"self":[{"href":"https:\/\/inclusioaltemporda.cat\/portal\/wp-json\/wp\/v2\/posts\/7966","targetHints":{"allow":["GET"]}}],"collection":[{"href":"https:\/\/inclusioaltemporda.cat\/portal\/wp-json\/wp\/v2\/posts"}],"about":[{"href":"https:\/\/inclusioaltemporda.cat\/portal\/wp-json\/wp\/v2\/types\/post"}],"author":[{"embeddable":true,"href":"https:\/\/inclusioaltemporda.cat\/portal\/wp-json\/wp\/v2\/users\/2"}],"replies":[{"embeddable":true,"href":"https:\/\/inclusioaltemporda.cat\/portal\/wp-json\/wp\/v2\/comments?post=7966"}],"version-history":[{"count":2,"href":"https:\/\/inclusioaltemporda.cat\/portal\/wp-json\/wp\/v2\/posts\/7966\/revisions"}],"predecessor-version":[{"id":7972,"href":"https:\/\/inclusioaltemporda.cat\/portal\/wp-json\/wp\/v2\/posts\/7966\/revisions\/7972"}],"wp:featuredmedia":[{"embeddable":true,"href":"https:\/\/inclusioaltemporda.cat\/portal\/wp-json\/wp\/v2\/media\/7970"}],"wp:attachment":[{"href":"https:\/\/inclusioaltemporda.cat\/portal\/wp-json\/wp\/v2\/media?parent=7966"}],"wp:term":[{"taxonomy":"category","embeddable":true,"href":"https:\/\/inclusioaltemporda.cat\/portal\/wp-json\/wp\/v2\/categories?post=7966"},{"taxonomy":"post_tag","embeddable":true,"href":"https:\/\/inclusioaltemporda.cat\/portal\/wp-json\/wp\/v2\/tags?post=7966"}],"curies":[{"name":"wp","href":"https:\/\/api.w.org\/{rel}","templated":true}]}}