{"id":7975,"date":"2021-07-14T09:24:30","date_gmt":"2021-07-14T08:24:30","guid":{"rendered":"https:\/\/inclusioaltemporda.cat\/portal\/?p=7975"},"modified":"2021-07-14T09:25:32","modified_gmt":"2021-07-14T08:25:32","slug":"el-consell-comarcal-impulsa-el-projecte-diversitat-intercultural-families-i-centres-educatius-a-castello-dempuries","status":"publish","type":"post","link":"https:\/\/inclusioaltemporda.cat\/portal\/el-consell-comarcal-impulsa-el-projecte-diversitat-intercultural-families-i-centres-educatius-a-castello-dempuries\/","title":{"rendered":"El Consell Comarcal impulsa el projecte \u201cDiversitat intercultural, fam\u00edlies i centres educatius\u201d a Castell\u00f3 d\u2019Emp\u00faries"},"content":{"rendered":"<p>L\u2019Equip d\u2019Inclusi\u00f3 i Atenci\u00f3 a la comunitat del Consell Comarcal de l\u2019Alt Empord\u00e0 ha impulsat el projecte \u201cDiversitat intercultural, fam\u00edlies i centres educatius\u201d finan\u00e7at per l\u2019\u00e0rea d\u2019ensenyament de l\u2019Ajuntament de Castell\u00f3 d\u2019Emp\u00faries i amb el suport de les \u00e0rees de benestar i joventut del mateix Ajuntament. Aquest projecte s\u2019ha realitzat conjuntament amb l\u2019Associaci\u00f3 Amunt i Crits Dones Referents Comunit\u00e0ries de l\u2019Alt Empord\u00e0 qui ha dinamitzat un grup de nou dones d\u2019origen migrat, mares d\u2019alumnes de 4t de prim\u00e0ria de l\u2019escola Ruiz Amado.<\/p>\n<p>La dinamitzaci\u00f3 per part de l\u2019associaci\u00f3 Amunt i Crits ha facilitat generar un espai de confian\u00e7a on aquestes dones han pogut expressar i compartir l\u2019expertesa de vida gr\u00e0cies a la sororitat, la proximitat, l\u2019escola activa i l\u2019empatia pel coneixement de la cultura d\u2019origen. Aquesta experi\u00e8ncia ha perm\u00e8s identificar nous espais d\u2019oportunitat i possibles l\u00ednies de treball futures en el si de la comunitat educativa per\u00f2 tamb\u00e9 en el municipi.<\/p>\n<p>Tot i que la poblaci\u00f3 diana del projecte han estat un grup de mares, s\u2019ha comptat amb la participaci\u00f3 de professionals de l\u2019escola Ruiz Amado en la formaci\u00f3 del grup i la detecci\u00f3 de necessitats pr\u00e8via a l\u2019inici de les sessions. Aix\u00ed, es pret\u00e9n encreuar els diferents punts de vista per generar coneixement i noves propostes que l\u2019integrin.<\/p>\n<p>La prova pilot d\u2019aquest projecte s\u2019ha realitzat de mitjans d\u2019abril a principi de juny amb un total de 9 sessions. Durant els mesos d\u2019estiu es donar\u00e0 continu\u00eftat al grup iniciat amb la incorporaci\u00f3 de m\u00e9s dones que en volen formar part vinculant la l\u00ednia de treball comen\u00e7ada amb l\u2019aprenentatge de la llengua vehicular. Tanmateix, es treballa per fer extensiu el projecte als altres centres educatius del municipi de cara al nou curs escolar perqu\u00e8 la intervenci\u00f3 es pugui dimensionar a abast municipal.<\/p>\n<p>&nbsp;<\/p>\n<p><img loading=\"lazy\" decoding=\"async\" class=\"wp-image-7978 aligncenter\" src=\"https:\/\/inclusioaltemporda.cat\/portal\/wp-content\/uploads\/IMG-20210610-WA0060-1024x768.jpg\" alt=\"\" width=\"671\" height=\"504\" srcset=\"https:\/\/inclusioaltemporda.cat\/portal\/wp-content\/uploads\/IMG-20210610-WA0060-1024x768.jpg 1024w, https:\/\/inclusioaltemporda.cat\/portal\/wp-content\/uploads\/IMG-20210610-WA0060-300x225.jpg 300w, https:\/\/inclusioaltemporda.cat\/portal\/wp-content\/uploads\/IMG-20210610-WA0060-768x576.jpg 768w, https:\/\/inclusioaltemporda.cat\/portal\/wp-content\/uploads\/IMG-20210610-WA0060.jpg 1600w\" sizes=\"auto, (max-width: 671px) 100vw, 671px\" \/><\/p>\n<p><img loading=\"lazy\" decoding=\"async\" class=\"wp-image-7979 aligncenter\" src=\"https:\/\/inclusioaltemporda.cat\/portal\/wp-content\/uploads\/IMG-20210705-WA0001-1024x768.jpg\" alt=\"\" width=\"672\" height=\"504\" srcset=\"https:\/\/inclusioaltemporda.cat\/portal\/wp-content\/uploads\/IMG-20210705-WA0001-1024x768.jpg 1024w, https:\/\/inclusioaltemporda.cat\/portal\/wp-content\/uploads\/IMG-20210705-WA0001-300x225.jpg 300w, https:\/\/inclusioaltemporda.cat\/portal\/wp-content\/uploads\/IMG-20210705-WA0001-768x576.jpg 768w, https:\/\/inclusioaltemporda.cat\/portal\/wp-content\/uploads\/IMG-20210705-WA0001.jpg 2048w\" sizes=\"auto, (max-width: 672px) 100vw, 672px\" \/><\/p>\n","protected":false},"excerpt":{"rendered":"<p>El projecte ha  ha dinamitzat un grup de nou dones d\u2019origen migrat, mares d\u2019alumnes de 4t de prim\u00e0ria de l\u2019escola Ruiz Amado.<\/p>\n","protected":false},"author":2,"featured_media":7977,"comment_status":"closed","ping_status":"closed","sticky":false,"template":"","format":"standard","meta":{"footnotes":""},"categories":[106,101,104,103,1,12],"tags":[],"class_list":["post-7975","post","type-post","status-publish","format-standard","has-post-thumbnail","hentry","category-administracions","category-ciutadania","category-entitats-socials","category-estudiants-escoles-instituts","category-general","category-pla-dinclusio-2","category-106","category-101","category-104","category-103","category-1","category-12","description-off"],"_links":{"self":[{"href":"https:\/\/inclusioaltemporda.cat\/portal\/wp-json\/wp\/v2\/posts\/7975","targetHints":{"allow":["GET"]}}],"collection":[{"href":"https:\/\/inclusioaltemporda.cat\/portal\/wp-json\/wp\/v2\/posts"}],"about":[{"href":"https:\/\/inclusioaltemporda.cat\/portal\/wp-json\/wp\/v2\/types\/post"}],"author":[{"embeddable":true,"href":"https:\/\/inclusioaltemporda.cat\/portal\/wp-json\/wp\/v2\/users\/2"}],"replies":[{"embeddable":true,"href":"https:\/\/inclusioaltemporda.cat\/portal\/wp-json\/wp\/v2\/comments?post=7975"}],"version-history":[{"count":2,"href":"https:\/\/inclusioaltemporda.cat\/portal\/wp-json\/wp\/v2\/posts\/7975\/revisions"}],"predecessor-version":[{"id":7981,"href":"https:\/\/inclusioaltemporda.cat\/portal\/wp-json\/wp\/v2\/posts\/7975\/revisions\/7981"}],"wp:featuredmedia":[{"embeddable":true,"href":"https:\/\/inclusioaltemporda.cat\/portal\/wp-json\/wp\/v2\/media\/7977"}],"wp:attachment":[{"href":"https:\/\/inclusioaltemporda.cat\/portal\/wp-json\/wp\/v2\/media?parent=7975"}],"wp:term":[{"taxonomy":"category","embeddable":true,"href":"https:\/\/inclusioaltemporda.cat\/portal\/wp-json\/wp\/v2\/categories?post=7975"},{"taxonomy":"post_tag","embeddable":true,"href":"https:\/\/inclusioaltemporda.cat\/portal\/wp-json\/wp\/v2\/tags?post=7975"}],"curies":[{"name":"wp","href":"https:\/\/api.w.org\/{rel}","templated":true}]}}