{"id":7983,"date":"2021-07-22T11:27:59","date_gmt":"2021-07-22T10:27:59","guid":{"rendered":"https:\/\/inclusioaltemporda.cat\/portal\/?p=7983"},"modified":"2021-07-22T11:27:59","modified_gmt":"2021-07-22T10:27:59","slug":"el-consell-de-la-gent-gran-de-lalt-emporda-inicia-una-nova-etapa-amb-la-renovacio-dels-seus-estatuts","status":"publish","type":"post","link":"https:\/\/inclusioaltemporda.cat\/portal\/el-consell-de-la-gent-gran-de-lalt-emporda-inicia-una-nova-etapa-amb-la-renovacio-dels-seus-estatuts\/","title":{"rendered":"El Consell de la Gent Gran de l\u2019Alt Empord\u00e0 inicia una nova etapa amb la renovaci\u00f3 dels seus estatuts"},"content":{"rendered":"<p>El 21 de juliol va tenir lloc a Figueres l\u2019Assemblea General del Consell Consultiu de la Gent Gran de l\u2019Alt Empord\u00e0. En aquesta assemblea, presidida per S\u00f2nia Mart\u00ednez Juli, presidenta del Consell Comarcal de l\u2019Alt Empord\u00e0, hi van assistir representants de diferents casals i associacions de gent gran de la comarca, aix\u00ed com membres del grup motor que han promogut la reactivaci\u00f3 de l\u2019\u00f2rgan de participaci\u00f3 de les persones grans de la comarca. L\u2019Assemblea va formalitzar el canvi de nom d\u2019aquest espai, que a partir d\u2019ara passa a denominar-se Consell de la Gent Gran de l\u2019Alt Empord\u00e0, i va aprovar la proposta de nous estatuts amb els vots favorables de totes les persones participants.<\/p>\n<p>L\u2019objectiu en aquesta nova etapa \u00e9s recuperar un espai de participaci\u00f3 de les persones grans que respongui a les necessitats i a la diversitat de persones que estan envellint en el nostre entorn. L\u2019envelliment de la poblaci\u00f3 \u00e9s un proc\u00e9s com\u00fa a tot el m\u00f3n occidental, que s\u2019ha d\u2019enfrontar amb pol\u00edtiques adequades i amb una visi\u00f3 din\u00e0mica dels escenaris que aquest proc\u00e9s comporta.<\/p>\n<p>En aquest sentit, la participaci\u00f3 de les persones grans en el disseny d\u2019aquestes pol\u00edtiques \u00e9s un element clau no nom\u00e9s per recon\u00e8ixer la seva veu, sin\u00f3 per detectar de la manera m\u00e9s acurada possible les seves necessitats i potenciar la seva implicaci\u00f3 en l\u2019activitat comunit\u00e0ria.<\/p>\n<p>Per aquest motiu, la principal novetat que incorporen els nous estatuts aprovats en l\u2019Assemblea General \u00e9s el reconeixement de la participaci\u00f3 a t\u00edtol individual de les persones majors de 60 anys de la comarca. A partir d\u2019ara, a part dels casals i associacions de gent gran i altres entitats que tinguin seccions espec\u00edfiques de gent gran o que treballin en aquest \u00e0mbit, les persones a t\u00edtol individual que ho sol\u00b7licitin podran participar en l\u2019Assemblea i les comissions de treball impulsades en el marc del Consell de la Gent Gran.<\/p>\n<p>Aquests aspectes han estat valorats durant l\u2019assemblea, on tamb\u00e9 s\u2019ha destacat el treball desenvolupat els darrers mesos per les quatre comissions de treball on estan participant les persones grans implicades en la renovaci\u00f3 del Consell de la Gent Gran. Aquestes comissions de treball, que segueixen actives, centren la seva activitat en la soledat i l\u2019a\u00efllament de les persones grans, els drets deures i l\u2019habitatge i els Casals de la Gent Gran.<\/p>\n<p>Un cop el ple del Consell Comarcal aprovi definitivament la proposta de nous estatuts es posar\u00e0 en marxa la renovaci\u00f3 formal d\u2019aquest \u00f2rgan de participaci\u00f3.<\/p>\n","protected":false},"excerpt":{"rendered":"<p>L\u2019objectiu en aquesta nova etapa \u00e9s recuperar un espai de participaci\u00f3 de les persones grans que respongui a les necessitats i a la diversitat de persones que estan envellint en el nostre entorn.<\/p>\n","protected":false},"author":2,"featured_media":7984,"comment_status":"closed","ping_status":"closed","sticky":false,"template":"","format":"standard","meta":{"footnotes":""},"categories":[106,100,101,104,1,12],"tags":[],"class_list":["post-7983","post","type-post","status-publish","format-standard","has-post-thumbnail","hentry","category-administracions","category-area-benestar","category-ciutadania","category-entitats-socials","category-general","category-pla-dinclusio-2","category-106","category-100","category-101","category-104","category-1","category-12","description-off"],"_links":{"self":[{"href":"https:\/\/inclusioaltemporda.cat\/portal\/wp-json\/wp\/v2\/posts\/7983","targetHints":{"allow":["GET"]}}],"collection":[{"href":"https:\/\/inclusioaltemporda.cat\/portal\/wp-json\/wp\/v2\/posts"}],"about":[{"href":"https:\/\/inclusioaltemporda.cat\/portal\/wp-json\/wp\/v2\/types\/post"}],"author":[{"embeddable":true,"href":"https:\/\/inclusioaltemporda.cat\/portal\/wp-json\/wp\/v2\/users\/2"}],"replies":[{"embeddable":true,"href":"https:\/\/inclusioaltemporda.cat\/portal\/wp-json\/wp\/v2\/comments?post=7983"}],"version-history":[{"count":1,"href":"https:\/\/inclusioaltemporda.cat\/portal\/wp-json\/wp\/v2\/posts\/7983\/revisions"}],"predecessor-version":[{"id":7985,"href":"https:\/\/inclusioaltemporda.cat\/portal\/wp-json\/wp\/v2\/posts\/7983\/revisions\/7985"}],"wp:featuredmedia":[{"embeddable":true,"href":"https:\/\/inclusioaltemporda.cat\/portal\/wp-json\/wp\/v2\/media\/7984"}],"wp:attachment":[{"href":"https:\/\/inclusioaltemporda.cat\/portal\/wp-json\/wp\/v2\/media?parent=7983"}],"wp:term":[{"taxonomy":"category","embeddable":true,"href":"https:\/\/inclusioaltemporda.cat\/portal\/wp-json\/wp\/v2\/categories?post=7983"},{"taxonomy":"post_tag","embeddable":true,"href":"https:\/\/inclusioaltemporda.cat\/portal\/wp-json\/wp\/v2\/tags?post=7983"}],"curies":[{"name":"wp","href":"https:\/\/api.w.org\/{rel}","templated":true}]}}