{"id":7993,"date":"2021-09-27T07:43:55","date_gmt":"2021-09-27T06:43:55","guid":{"rendered":"https:\/\/inclusioaltemporda.cat\/portal\/?p=7993"},"modified":"2021-09-27T07:43:55","modified_gmt":"2021-09-27T06:43:55","slug":"nou-punt-de-trobada-per-al-collectiu-lgtbi-de-lalt-emporda","status":"publish","type":"post","link":"https:\/\/inclusioaltemporda.cat\/portal\/nou-punt-de-trobada-per-al-collectiu-lgtbi-de-lalt-emporda\/","title":{"rendered":"Nou punt de trobada per al col\u00b7lectiu LGTBI de l\u2019Alt Empord\u00e0"},"content":{"rendered":"<p align=\"justify\">El passat 17 de setembre el <a href=\"http:\/\/ca.figueres.cat\/la-ciutat\/benestar-social\/servei-d-atencio-integral-lgtbi-sai\/\">SAI-LGTBI de l&#8217;Ajuntament de Figueres<\/a> i el <a href=\"https:\/\/inclusioaltemporda.cat\/portal\">SAI-LGTBI del Consell Comarcal de l&#8217;Alt Empord\u00e0 <\/a>en col\u00b7laboraci\u00f3 amb l\u2019<a href=\"https:\/\/www.empordajove.cat\/\">Oficina Jove de l\u2019Alt Empord\u00e0 <\/a>van organitzar una primera trobada dirigida a persones LGTBI per tal de promoure un espai de trobada i escolta entorn les necessitat del col\u00b7lectiu.<\/p>\n<p align=\"justify\">A aquesta trobada, que va tenir lloc a l\u2019Oficina Jove de l\u2019Alt Empord\u00e0, hi van assistir m\u00e9s de vint persones, d\u2019entre 24 i 65 anys. L\u2019espai, que tindr\u00e0 continu\u00eftat amb una periodicitat mensual, vol ser un espai obert a totes les persones, que t\u00e9 com a objectiu la creaci\u00f3 de xarxa entre les participants i l\u2019articulaci\u00f3 de vies de treball per a una major visibilitzaci\u00f3 de les necessitats de les persones LGTBI de la comarca.<\/p>\n<p align=\"justify\">En aquesta primera reuni\u00f3 es van presentar els serveis convocants, aix\u00ed com les seves funcions i els recursos que ofereixen. A partir d\u2019aqu\u00ed, es va iniciar una ronda d\u2019intervencions que va permetre identificar les principals inquietuds de les participants i les propostes per a seguir treballant en les seg\u00fcents trobades.<\/p>\n<p align=\"justify\">La propera reuni\u00f3 del punt de trobada LGTBI ser\u00e0 el 15 d\u2019octubre, a les 19:00h, tamb\u00e9 a l\u2019Oficina Jove de l\u2019Alt Empord\u00e0 (c. Anicet de Pag\u00e8s, 2. Figueres).<\/p>\n<p align=\"justify\">El Servei d\u2019Atenci\u00f3 Integral LGTBI del Consell Comarcal de l\u2019Alt Empord\u00e0, depenent de l\u2019\u00c0rea de Benestar, ofereix atenci\u00f3 i acompanyament a persones del col\u00b7lectiu LGTBI en els \u00e0mbits jur\u00eddic, psicol\u00f2gic i s<span style=\"font-family: Calibri, sans-serif;\">ocial.<\/span><\/p>\n","protected":false},"excerpt":{"rendered":"<p>El passat 17 de setembre el SAI-LGTBI de l&#8217;Ajuntament de Figueres i el SAI-LGTBI del Consell Comarcal de l&#8217;Alt Empord\u00e0 en col\u00b7laboraci\u00f3 amb l\u2019Oficina Jove de l\u2019Alt Empord\u00e0 van organitzar una primera trobada dirigida a persones LGTBI per tal de promoure un espai de trobada i escolta entorn les necessitat del col\u00b7lectiu.<\/p>\n","protected":false},"author":2,"featured_media":7994,"comment_status":"closed","ping_status":"closed","sticky":false,"template":"","format":"standard","meta":{"footnotes":""},"categories":[100,101,104,1,12],"tags":[],"class_list":["post-7993","post","type-post","status-publish","format-standard","has-post-thumbnail","hentry","category-area-benestar","category-ciutadania","category-entitats-socials","category-general","category-pla-dinclusio-2","category-100","category-101","category-104","category-1","category-12","description-off"],"_links":{"self":[{"href":"https:\/\/inclusioaltemporda.cat\/portal\/wp-json\/wp\/v2\/posts\/7993","targetHints":{"allow":["GET"]}}],"collection":[{"href":"https:\/\/inclusioaltemporda.cat\/portal\/wp-json\/wp\/v2\/posts"}],"about":[{"href":"https:\/\/inclusioaltemporda.cat\/portal\/wp-json\/wp\/v2\/types\/post"}],"author":[{"embeddable":true,"href":"https:\/\/inclusioaltemporda.cat\/portal\/wp-json\/wp\/v2\/users\/2"}],"replies":[{"embeddable":true,"href":"https:\/\/inclusioaltemporda.cat\/portal\/wp-json\/wp\/v2\/comments?post=7993"}],"version-history":[{"count":1,"href":"https:\/\/inclusioaltemporda.cat\/portal\/wp-json\/wp\/v2\/posts\/7993\/revisions"}],"predecessor-version":[{"id":7995,"href":"https:\/\/inclusioaltemporda.cat\/portal\/wp-json\/wp\/v2\/posts\/7993\/revisions\/7995"}],"wp:featuredmedia":[{"embeddable":true,"href":"https:\/\/inclusioaltemporda.cat\/portal\/wp-json\/wp\/v2\/media\/7994"}],"wp:attachment":[{"href":"https:\/\/inclusioaltemporda.cat\/portal\/wp-json\/wp\/v2\/media?parent=7993"}],"wp:term":[{"taxonomy":"category","embeddable":true,"href":"https:\/\/inclusioaltemporda.cat\/portal\/wp-json\/wp\/v2\/categories?post=7993"},{"taxonomy":"post_tag","embeddable":true,"href":"https:\/\/inclusioaltemporda.cat\/portal\/wp-json\/wp\/v2\/tags?post=7993"}],"curies":[{"name":"wp","href":"https:\/\/api.w.org\/{rel}","templated":true}]}}