{"id":8000,"date":"2021-10-06T11:10:22","date_gmt":"2021-10-06T10:10:22","guid":{"rendered":"https:\/\/inclusioaltemporda.cat\/portal\/?p=8000"},"modified":"2021-10-08T08:45:54","modified_gmt":"2021-10-08T07:45:54","slug":"benestar-social-repren-els-tallers-de-memoria-i-gimnastica-lalt-emporda","status":"publish","type":"post","link":"https:\/\/inclusioaltemporda.cat\/portal\/benestar-social-repren-els-tallers-de-memoria-i-gimnastica-lalt-emporda\/","title":{"rendered":"Benestar Social repr\u00e8n els tallers de mem\u00f2ria i gimn\u00e0stica a l\u2019Alt Empord\u00e0"},"content":{"rendered":"<p>&nbsp;<\/p>\n<p>Aquest mes d\u2019octubre s\u2019ha posat en marxa una nova edici\u00f3 dels tallers de mem\u00f2ria i de gimn\u00e0stica per a gent gran a diferents municipis de la comarca,\u00a0despr\u00e9s de l\u2019aturada de l\u2019activitat presencial el 2020 a causa de la pand\u00e8mia. Aquests tallers, dirigits i impartits per professionals de l\u2019\u00e0rea de Benestar del Consell Comarcal tenen com a finalitat promoure un envelliment actiu de la poblaci\u00f3 de la comarca. En l\u2019\u00faltima edici\u00f3 de l\u2019any 2019, 1.055 persones van participar en 102 tallers, organitzats en 44 municipis de l\u2019Alt Empord\u00e0.<\/p>\n<p>Els tallers s\u2019adrecen a les persones majors de 65 anys i es fan en els municipis que han sol\u00b7licitat aquesta activitat a trav\u00e9s del seu ajuntament. La finalitat d\u2019aquestes activitats \u00e9s treballar de forma \u00ed<\/p>\n<p>ntegra l\u2019estimulaci\u00f3 de les capacitats f\u00edsiques i mentals de les persones grans. El taller de Mem\u00f2ria facilita un entrenament de les capacitats que intervenen en la mem\u00f2ria i altres facultats mentals associades. Aquesta activitat consta de dotze sessions d\u2019una hora setmanal.<\/p>\n<p>El taller de Gimn\u00e0stica t\u00e9 com a finalitat mantenir la forma f\u00edsica i promoure un envelliment saludable. Les activitats programades permeten mantenir i millorar les capacitats f\u00edsiques, treballar la mobilitat, la for\u00e7a, la flexibilitat, la coordinaci\u00f3, l\u2019equilibri i la respiraci\u00f3. El taller tamb\u00e9 facilita t\u00e8cniques de relaxaci\u00f3 i bons h\u00e0bits per prevenir lesions. El taller es duu a terme en deu sessions d\u2019una hora setmanal.<\/p>\n<p>Aquesta tardor es faran 39 tallers de mem\u00f2ria en els municipis seg\u00fcents: Albany\u00e0, Avinyonet de Puigvent\u00f3s, Biure, Cabanes, Cadaqu\u00e9s, Castell\u00f3 d\u2019Emp\u00faries, Colera, Darnius, L\u2019Escala, Espolla, El Far d\u2019Empord\u00e0, Forti\u00e0, La Jonquera, Llad\u00f3, Llan\u00e7\u00e0, Llers, Masarac, Mollet de Peralada, Navata, Palau Saverdera, Peralada, Pont\u00f3s, El Port de la Selva, Roses, Sant Climent Sescebes, Sant Miquel de Fluvi\u00e0, Sant Pere Pescador, Terrades, Vilafant, Vilamacolum, Vilamalla, Vilanova de la Muga i Vila-sacra i tamb\u00e9 s\u2019han programat 15 Tallers de Gimn\u00e0stica en els municipis seg\u00fcents: Cadaqu\u00e9s, Cantallops, Capmany, Darnius, El Far d\u2019Empord\u00e0, Espolla, Forti\u00e0, Llan\u00e7\u00e0, Navata, Pau, Sant Pere Pescador, Vilafant i Vilamacolum.<\/p>\n<p>Si teniu inter\u00e8s a participar en algun d\u2019aquests tallers, podeu consultar municipis i horaris en els seg\u00fcents enlla\u00e7os, o posar-vos en contacte amb l\u2019ajuntament.<\/p>\n<p>&nbsp;<\/p>\n<p><a href=\"https:\/\/inclusioaltemporda.cat\/portal\/wp-content\/uploads\/Calendari-TM-2021-per-municipis.pdf\"><span style=\"color: #000000;\"><span style=\"font-family: Calibri, sans-serif;\"><span style=\"font-size: medium;\">T<\/span><\/span><\/span><\/a><a href=\"https:\/\/inclusioaltemporda.cat\/portal\/wp-content\/uploads\/Calendari-TM-2021-per-municipis.pdf\"><span style=\"color: #000000;\"><span style=\"font-family: Calibri, sans-serif;\"><span style=\"font-size: medium;\">allers de mem\u00f2ria<\/span><\/span><\/span><\/a><\/p>\n<p><a href=\"https:\/\/inclusioaltemporda.cat\/portal\/wp-content\/uploads\/Calendari-TG-2021-per-municipis.pdf\"><span style=\"color: #000000;\"><span style=\"font-family: Calibri, sans-serif;\"><span style=\"font-size: medium;\">Tallers de gimn\u00e0stica<\/span><\/span><\/span><\/a><\/p>\n<p>&nbsp;<\/p>\n<p>Per aquells que no podeu assistir als tallers, per\u00f2 voleu comptar amb els materials, tant en versi\u00f3 online com en paper, podeucontactar amb l\u2019ajuntament o amb el Consell Comarcal de l\u2019Alt Empord\u00e0 (659 68 30 70 \/\u00a0<span id=\"cloak4bceb3e546b46fc5f6d3db577b5480c0\"><a href=\"mailto:serveisadomicili@altemporda.cat\">serveisadomicili@altemporda.cat<\/a><\/span>).<\/p>\n","protected":false},"excerpt":{"rendered":"<p>Aquest mes d\u2019octubre s\u2019ha posat en marxa una nova edici\u00f3 dels tallers de mem\u00f2ria i de gimn\u00e0stica per a gent gran a diferents municipis de la comarca.<\/p>\n","protected":false},"author":2,"featured_media":8001,"comment_status":"closed","ping_status":"closed","sticky":false,"template":"","format":"standard","meta":{"footnotes":""},"categories":[106,100,101,1,12],"tags":[],"class_list":["post-8000","post","type-post","status-publish","format-standard","has-post-thumbnail","hentry","category-administracions","category-area-benestar","category-ciutadania","category-general","category-pla-dinclusio-2","category-106","category-100","category-101","category-1","category-12","description-off"],"_links":{"self":[{"href":"https:\/\/inclusioaltemporda.cat\/portal\/wp-json\/wp\/v2\/posts\/8000","targetHints":{"allow":["GET"]}}],"collection":[{"href":"https:\/\/inclusioaltemporda.cat\/portal\/wp-json\/wp\/v2\/posts"}],"about":[{"href":"https:\/\/inclusioaltemporda.cat\/portal\/wp-json\/wp\/v2\/types\/post"}],"author":[{"embeddable":true,"href":"https:\/\/inclusioaltemporda.cat\/portal\/wp-json\/wp\/v2\/users\/2"}],"replies":[{"embeddable":true,"href":"https:\/\/inclusioaltemporda.cat\/portal\/wp-json\/wp\/v2\/comments?post=8000"}],"version-history":[{"count":3,"href":"https:\/\/inclusioaltemporda.cat\/portal\/wp-json\/wp\/v2\/posts\/8000\/revisions"}],"predecessor-version":[{"id":8015,"href":"https:\/\/inclusioaltemporda.cat\/portal\/wp-json\/wp\/v2\/posts\/8000\/revisions\/8015"}],"wp:featuredmedia":[{"embeddable":true,"href":"https:\/\/inclusioaltemporda.cat\/portal\/wp-json\/wp\/v2\/media\/8001"}],"wp:attachment":[{"href":"https:\/\/inclusioaltemporda.cat\/portal\/wp-json\/wp\/v2\/media?parent=8000"}],"wp:term":[{"taxonomy":"category","embeddable":true,"href":"https:\/\/inclusioaltemporda.cat\/portal\/wp-json\/wp\/v2\/categories?post=8000"},{"taxonomy":"post_tag","embeddable":true,"href":"https:\/\/inclusioaltemporda.cat\/portal\/wp-json\/wp\/v2\/tags?post=8000"}],"curies":[{"name":"wp","href":"https:\/\/api.w.org\/{rel}","templated":true}]}}