{"id":8010,"date":"2021-10-08T08:43:43","date_gmt":"2021-10-08T07:43:43","guid":{"rendered":"https:\/\/inclusioaltemporda.cat\/portal\/?p=8010"},"modified":"2021-10-08T08:45:15","modified_gmt":"2021-10-08T07:45:15","slug":"el-consell-comarcal-presta-un-servei-dassessorament-i-orientacio-sobre-drogues-i-altres-addiccions","status":"publish","type":"post","link":"https:\/\/inclusioaltemporda.cat\/portal\/el-consell-comarcal-presta-un-servei-dassessorament-i-orientacio-sobre-drogues-i-altres-addiccions\/","title":{"rendered":"El Consell Comarcal presta un Servei d&#8217;assessorament i orientaci\u00f3 sobre drogues i altres addiccions"},"content":{"rendered":"<p>El Consell Comarcal de l&#8217;Alt Empord\u00e0 disposa d&#8217;un Servei d&#8217;assessorament i orientaci\u00f3 sobre drogues i altres addiccions (SOD). Es tracta d&#8217;un servei especialitzat a orientar demandes d&#8217;informaci\u00f3, prevenci\u00f3 i problemes plantejats per adolescents, joves, adults, mares i pares en relaci\u00f3 amb les drogues i altres conductes addictives (sobretot pantalles).<\/p>\n<p>El SOD est\u00e0 adre\u00e7at a pares, mares, joves i professionals que necessitin informaci\u00f3 i orientaci\u00f3 relacionada amb el tabac, l&#8217;alcohol, el c\u00e0nnabis i d&#8217;altres drogues. L&#8217;any 2020 ha at\u00e8s un total de 5 fam\u00edlies, en qu\u00e8 s&#8217;ha realitzat una sessi\u00f3 individual amb cadascun dels casos. L\u2019atenci\u00f3, gratu\u00efta i confidencial, es realitza els divendres a la tarda d\u2019una a cinc de la tarda.<\/p>\n<p>Amb el confinament a causa de la Covid-19, aquest servei es va passar a prestar per videoconfer\u00e8ncia i a hores d&#8217;ara l&#8217;atenci\u00f3 es mant\u00e9 en ambd\u00f3s formats. Els professionals de l&#8217;\u00e0rea de Benestar Social assessoren, orienten i, si s&#8217;escau, deriven a altres recursos o serveis especialitzats. En molts casos s&#8217;ofereixen pautes educatives, preventives i d&#8217;actuaci\u00f3 relacionades amb les drogues i l&#8217;\u00fas responsable de les pantalles.<\/p>\n<p>Recorren al SOD, fam\u00edlies que no saben qu\u00e8 fer davant les borratxeres freq\u00fcents del jove, tenen dificultats per comunicar-se o no entenen la conducta en relaci\u00f3 amb el consum de drogues i ab\u00fas de pantalles. El SOD tamb\u00e9 at\u00e9n directament els joves que tenen demandes d&#8217;informaci\u00f3 sobre els efectes i els riscos del consum de drogues com l&#8217;alcohol, el tabac, les cigarretes electr\u00f2niques o el c\u00e0nnabis.<\/p>\n<p>Donat el cas tamb\u00e9 s&#8217;orienta a aquells adults, consumidors de droga que s&#8217;han plantejat seriosament fer alguna cosa amb el seu problema.<\/p>\n<p>El Servei d&#8217;assessorament i orientaci\u00f3 sobre drogues i altres addiccions es presta pr\u00e8via concertaci\u00f3 al correu electr\u00f2nic\u00a0<span id=\"cloak81efe81d86f5dbdd9d2b5bed6fc3235c\"><a href=\"mailto:sod.ccae@gmail.com\">sod.ccae@gmail.com<\/a><\/span>\u00a0o al tel\u00e8fon 972677050.<\/p>\n","protected":false},"excerpt":{"rendered":"<p> Es tracta d&#8217;un servei especialitzat a orientar demandes d&#8217;informaci\u00f3, prevenci\u00f3 i problemes plantejats per adolescents, joves, adults, mares i pares en relaci\u00f3 amb les drogues i altres conductes addictives (sobretot pantalles).<\/p>\n","protected":false},"author":2,"featured_media":8011,"comment_status":"closed","ping_status":"closed","sticky":false,"template":"","format":"standard","meta":{"footnotes":""},"categories":[106,100,101,103,1],"tags":[],"class_list":["post-8010","post","type-post","status-publish","format-standard","has-post-thumbnail","hentry","category-administracions","category-area-benestar","category-ciutadania","category-estudiants-escoles-instituts","category-general","category-106","category-100","category-101","category-103","category-1","description-off"],"_links":{"self":[{"href":"https:\/\/inclusioaltemporda.cat\/portal\/wp-json\/wp\/v2\/posts\/8010","targetHints":{"allow":["GET"]}}],"collection":[{"href":"https:\/\/inclusioaltemporda.cat\/portal\/wp-json\/wp\/v2\/posts"}],"about":[{"href":"https:\/\/inclusioaltemporda.cat\/portal\/wp-json\/wp\/v2\/types\/post"}],"author":[{"embeddable":true,"href":"https:\/\/inclusioaltemporda.cat\/portal\/wp-json\/wp\/v2\/users\/2"}],"replies":[{"embeddable":true,"href":"https:\/\/inclusioaltemporda.cat\/portal\/wp-json\/wp\/v2\/comments?post=8010"}],"version-history":[{"count":3,"href":"https:\/\/inclusioaltemporda.cat\/portal\/wp-json\/wp\/v2\/posts\/8010\/revisions"}],"predecessor-version":[{"id":8014,"href":"https:\/\/inclusioaltemporda.cat\/portal\/wp-json\/wp\/v2\/posts\/8010\/revisions\/8014"}],"wp:featuredmedia":[{"embeddable":true,"href":"https:\/\/inclusioaltemporda.cat\/portal\/wp-json\/wp\/v2\/media\/8011"}],"wp:attachment":[{"href":"https:\/\/inclusioaltemporda.cat\/portal\/wp-json\/wp\/v2\/media?parent=8010"}],"wp:term":[{"taxonomy":"category","embeddable":true,"href":"https:\/\/inclusioaltemporda.cat\/portal\/wp-json\/wp\/v2\/categories?post=8010"},{"taxonomy":"post_tag","embeddable":true,"href":"https:\/\/inclusioaltemporda.cat\/portal\/wp-json\/wp\/v2\/tags?post=8010"}],"curies":[{"name":"wp","href":"https:\/\/api.w.org\/{rel}","templated":true}]}}