{"id":8017,"date":"2021-10-14T12:50:59","date_gmt":"2021-10-14T11:50:59","guid":{"rendered":"https:\/\/inclusioaltemporda.cat\/portal\/?p=8017"},"modified":"2021-10-14T12:50:59","modified_gmt":"2021-10-14T11:50:59","slug":"el-programa-habiba-organitza-un-taller-sobre-salut-sexual-i-reproductiva-a-sant-pere-pescador","status":"publish","type":"post","link":"https:\/\/inclusioaltemporda.cat\/portal\/el-programa-habiba-organitza-un-taller-sobre-salut-sexual-i-reproductiva-a-sant-pere-pescador\/","title":{"rendered":"El Programa \u00abHabiba\u00bb organitza un taller sobre salut sexual i reproductiva a Sant Pere Pescador"},"content":{"rendered":"<p>El Programa \u00abHabiba, Dones i salut comunit\u00e0ria a l\u2019Alt Empord\u00e0\u00bb va organitzar, el passat 9 d\u2019octubre, un taller sobre salut sexual i reproductiva a Sant Pere Pescador. En el marc del programa Habiba, Dones i Salut Comunit\u00e0ria a l\u2019Alt Empord\u00e0, l\u2019\u00c0rea de Benestar del Consell Comarcal ha organitzat aquest taller sobre salut sexual i reproductiva, adre\u00e7at a dones d\u2019origen migrat.<\/p>\n<p>El programa Habiba t\u00e9 com a objectiu promoure l\u2019equitat en l\u2019exercici del dret a la salut i l\u2019acc\u00e9s al sistema de salut de les dones d\u2019origen migrant de la comarca, i \u00e9s finan\u00e7at per la Convocat\u00f2ria Interculturalitat i Acci\u00f3 Social 2020 de la Fundaci\u00f3 \u201cla Caixa\u201d.<\/p>\n<p>El taller ha estat realitzat de forma col\u00b7laborativa entre els grups de dones d\u2019origen migrat del municipi i professionals del Servei d\u2019Atenci\u00f3 a la Salut Sexual i Reproductiva (ASSIR) de l\u2019ABS de l\u2019Escala. Les sessions de disseny del taller han estat dinamitzades per l\u2019<a href=\"https:\/\/amunticritsdones.cat\/\">Associaci\u00f3 Amunt i Crits \u2013Dones Referents Comunit\u00e0ries de l\u2019Alt Empord\u00e0<\/a> amb el suport de l\u2019equip d\u2019Inclusi\u00f3 i Atenci\u00f3 a la Comunitat.<\/p>\n<p>L\u2019objectiu principal del taller ha estat el de donar a con\u00e8ixer els recursos que les dones tenen al seu abast en l\u2019\u00e0mbit de la salut sexual i reproductiva, aix\u00ed com recollir les necessitats expressades per les dones en aquest \u00e0mbit.<\/p>\n<p>El desconeixement d\u2019aquests recursos sanitaris \u00e9s un dels punts destacats del Diagn\u00f2stic de salut comunit\u00e0ria de Sant Pere Pescador que s\u2019ha elaborat en el marc del Programa Habiba, en qu\u00e8 dones d\u2019origen migrat i professionals sanitaris han posat en com\u00fa el seu coneixement espec\u00edfic per tal de generar un diagn\u00f2stic compartit que recull de forma precisa les necessitats i oportunitats detectades en l\u2019\u00e0mbit de la salut, a trav\u00e9s de la metodologia de l\u2019encreuament de sabers. El taller sobre salut sexual i reproductiva \u00e9s un dels principals resultats generats pel Programa.<\/p>\n<p>Un cop acabat el taller, on van assistir unes 30 dones, les participants van compartir menjars tradicionals i m\u00fasica dels seus llocs d\u2019origen.<\/p>\n","protected":false},"excerpt":{"rendered":"<p>En el marc del programa Habiba, Dones i Salut Comunit\u00e0ria a l\u2019Alt Empord\u00e0, l\u2019\u00c0rea de Benestar del Consell Comarcal ha organitzat aquest taller sobre salut sexual i reproductiva, adre\u00e7at a dones d\u2019origen migrat.<\/p>\n","protected":false},"author":2,"featured_media":8018,"comment_status":"closed","ping_status":"closed","sticky":false,"template":"","format":"standard","meta":{"footnotes":""},"categories":[100,101,104,1,12,102],"tags":[],"class_list":["post-8017","post","type-post","status-publish","format-standard","has-post-thumbnail","hentry","category-area-benestar","category-ciutadania","category-entitats-socials","category-general","category-pla-dinclusio-2","category-professionals-ambit-social","category-100","category-101","category-104","category-1","category-12","category-102","description-off"],"_links":{"self":[{"href":"https:\/\/inclusioaltemporda.cat\/portal\/wp-json\/wp\/v2\/posts\/8017","targetHints":{"allow":["GET"]}}],"collection":[{"href":"https:\/\/inclusioaltemporda.cat\/portal\/wp-json\/wp\/v2\/posts"}],"about":[{"href":"https:\/\/inclusioaltemporda.cat\/portal\/wp-json\/wp\/v2\/types\/post"}],"author":[{"embeddable":true,"href":"https:\/\/inclusioaltemporda.cat\/portal\/wp-json\/wp\/v2\/users\/2"}],"replies":[{"embeddable":true,"href":"https:\/\/inclusioaltemporda.cat\/portal\/wp-json\/wp\/v2\/comments?post=8017"}],"version-history":[{"count":1,"href":"https:\/\/inclusioaltemporda.cat\/portal\/wp-json\/wp\/v2\/posts\/8017\/revisions"}],"predecessor-version":[{"id":8019,"href":"https:\/\/inclusioaltemporda.cat\/portal\/wp-json\/wp\/v2\/posts\/8017\/revisions\/8019"}],"wp:featuredmedia":[{"embeddable":true,"href":"https:\/\/inclusioaltemporda.cat\/portal\/wp-json\/wp\/v2\/media\/8018"}],"wp:attachment":[{"href":"https:\/\/inclusioaltemporda.cat\/portal\/wp-json\/wp\/v2\/media?parent=8017"}],"wp:term":[{"taxonomy":"category","embeddable":true,"href":"https:\/\/inclusioaltemporda.cat\/portal\/wp-json\/wp\/v2\/categories?post=8017"},{"taxonomy":"post_tag","embeddable":true,"href":"https:\/\/inclusioaltemporda.cat\/portal\/wp-json\/wp\/v2\/tags?post=8017"}],"curies":[{"name":"wp","href":"https:\/\/api.w.org\/{rel}","templated":true}]}}